{"id":7825,"date":"2021-08-01T14:24:37","date_gmt":"2021-08-01T12:24:37","guid":{"rendered":"http:\/\/www.radclub-inzing.at\/?p=7825"},"modified":"2021-08-01T14:24:37","modified_gmt":"2021-08-01T12:24:37","slug":"bronze-fur-ramona-grieser-bei-den-om-kriterium","status":"publish","type":"post","link":"https:\/\/rad.asvi.at\/?p=7825","title":{"rendered":"Bronze f\u00fcr Ramona Grie\u00dfer bei den \u00d6M Kriterium!"},"content":{"rendered":"<p><strong>\u00d6sterreichische Kriteriums-Meisterschaft\/Melk<\/strong><\/p>\n<p>Am <strong>Sa 31. Juli 2021<\/strong> fand im \u00d6AMTC-Fahrsicherheitszentrum in Melk (N\u00d6) die \u00d6M Kriterium in den Nachwuchsklassen U13 \u2013 U17 statt. Inzings junge Rennfahrer mussten leider auf <strong><em>Felix R\u00fctzler (U17)<\/em><\/strong> aus Kematen verzichten, der <strong>krankheitsbedingt absagen<\/strong> musste. Also machten sich die M\u00e4dchen (U17) alleine auf die \u00a0-\u201elange\u201c- Reise. Sechs anstatt drei Stunden ben\u00f6tige man an diesem Sa f\u00fcr die Fahrt bis nach Melk! <strong><em>Ramona Grie\u00dfer<\/em><\/strong> und <strong><em>Marina Gurtner<\/em><\/strong> war es ziemlich egal \u2013 sie konzentrierten sich voll auf das bevorstehende Rennen. Auch der Wettergott spielte mit, denn es blieb w\u00e4hrend der ganzen Veranstaltung trocken und sehr warm. Da die M\u00e4dchen ja immer mit den Buben U15 mitfahren m\u00fcssen, war klar, dass es sehr schwierig sein wird \u00fcberhaupt Punkte anzuschreiben. Das Kriterium ging \u00fcber 26 km mit 6 Wertungssprints. Also war jede vierte Runde eine Wertungsrunde. Dabei bekommen die ersten vier FahrerInnen 5-3-2-und-1 Punkt. In der letzten Runde gibt es au\u00dferdem doppelte Punkte! Das gesamte Rennen verlief ziemlich spannend \u2013 bei den ersten 4 Wertungen gelang es keinem der M\u00e4dchen Punkte anzuschreiben \u2013 die Burschen waren zu stark! Erst bei der 5. Wertungsrunde konnten 2 M\u00e4dchen ganz vorne um die Punkte mitfahren \u2013 <strong><em>Ramona Grie\u00dfer<\/em><\/strong> und <em>Sophie Walcher<\/em>. Sophie hatte dabei etwas schnellere Beine und sicherte sich als vierte 1 Punkt. Damit war klar, dass es ganz schwer sein wird sie in der letzten Wertungsrunde (doppelte Punkte) noch abzufangen. Trotzdem gelang es einer Fahrerin &#8211; <em>Chiara Friedrich<\/em>. Sie gewann damit Gold, vor <em>Sophie Walcher<\/em> und <strong><em>Ramona Grie\u00dfer<\/em><\/strong>, die auch \u00fcber die <strong>Bronze-Medaille<\/strong> sehr gl\u00fccklich war (weil diese in ihrer Sammlung noch fehlte <\/p>\n","protected":false},"excerpt":{"rendered":"<p>\u00d6sterreichische Kriteriums-Meisterschaft\/Melk Am Sa 31. Juli 2021 fand im \u00d6AMTC-Fahrsicherheitszentrum in Melk (N\u00d6) die \u00d6M Kriterium in den Nachwuchsklassen U13 \u2013 U17 statt. Inzings junge Rennfahrer mussten leider auf Felix R\u00fctzler (U17) aus Kematen verzichten, der krankheitsbedingt absagen musste. Also machten sich die M\u00e4dchen (U17) alleine auf die \u00a0-\u201elange\u201c- Reise. Sechs anstatt drei Stunden ben\u00f6tige&hellip;&nbsp;<a href=\"https:\/\/rad.asvi.at\/?p=7825\" class=\"\" rel=\"bookmark\">Weiterlesen &raquo;<span class=\"screen-reader-text\">Bronze f\u00fcr Ramona Grie\u00dfer bei den \u00d6M Kriterium!<\/span><\/a><\/p>\n","protected":false},"author":2,"featured_media":7831,"comment_status":"open","ping_status":"closed","sticky":false,"template":"","format":"standard","meta":{"neve_meta_sidebar":"","neve_meta_container":"","neve_meta_enable_content_width":"","neve_meta_content_width":0,"neve_meta_title_alignment":"","neve_meta_author_avatar":"","neve_post_elements_order":"","neve_meta_disable_header":"","neve_meta_disable_footer":"","neve_meta_disable_title":"","footnotes":""},"categories":[9,11],"tags":[],"class_list":["post-7825","post","type-post","status-publish","format-standard","has-post-thumbnail","hentry","category-allgemein","category-rennsport"],"featured_image_urls":{"full":"","thumbnail":"","medium":"","medium_large":"","large":"","xl":"","xxl":"","xxxl":"","xxxxl":"","xxxxxl":"","1536x1536":"","2048x2048":"","neve-blog":""},"post_excerpt_stackable":"<p>\u00d6sterreichische Kriteriums-Meisterschaft\/Melk Am Sa 31. Juli 2021 fand im \u00d6AMTC-Fahrsicherheitszentrum in Melk (N\u00d6) die \u00d6M Kriterium in den Nachwuchsklassen U13 \u2013 U17 statt. Inzings junge Rennfahrer mussten leider auf Felix R\u00fctzler (U17) aus Kematen verzichten, der krankheitsbedingt absagen musste. Also machten sich die M\u00e4dchen (U17) alleine auf die \u00a0-\u201elange\u201c- Reise. Sechs anstatt drei Stunden ben\u00f6tige man an diesem Sa f\u00fcr die Fahrt bis nach Melk! Ramona Grie\u00dfer und Marina Gurtner war es ziemlich egal \u2013 sie konzentrierten sich voll auf das bevorstehende Rennen. Auch der Wettergott spielte mit, denn es blieb w\u00e4hrend der ganzen Veranstaltung trocken und sehr warm. Da&hellip;<\/p>\n","category_list":"<a href=\"https:\/\/rad.asvi.at\/?cat=9\" rel=\"category\">Allgemein<\/a>, <a href=\"https:\/\/rad.asvi.at\/?cat=11\" rel=\"category\">Rennsport<\/a>","author_info":{"name":"Roman","url":"https:\/\/rad.asvi.at\/?author=2"},"comments_num":"0 comments","_links":{"self":[{"href":"https:\/\/rad.asvi.at\/index.php?rest_route=\/wp\/v2\/posts\/7825","targetHints":{"allow":["GET"]}}],"collection":[{"href":"https:\/\/rad.asvi.at\/index.php?rest_route=\/wp\/v2\/posts"}],"about":[{"href":"https:\/\/rad.asvi.at\/index.php?rest_route=\/wp\/v2\/types\/post"}],"author":[{"embeddable":true,"href":"https:\/\/rad.asvi.at\/index.php?rest_route=\/wp\/v2\/users\/2"}],"replies":[{"embeddable":true,"href":"https:\/\/rad.asvi.at\/index.php?rest_route=%2Fwp%2Fv2%2Fcomments&post=7825"}],"version-history":[{"count":0,"href":"https:\/\/rad.asvi.at\/index.php?rest_route=\/wp\/v2\/posts\/7825\/revisions"}],"wp:featuredmedia":[{"embeddable":true,"href":"https:\/\/rad.asvi.at\/index.php?rest_route=\/"}],"wp:attachment":[{"href":"https:\/\/rad.asvi.at\/index.php?rest_route=%2Fwp%2Fv2%2Fmedia&parent=7825"}],"wp:term":[{"taxonomy":"category","embeddable":true,"href":"https:\/\/rad.asvi.at\/index.php?rest_route=%2Fwp%2Fv2%2Fcategories&post=7825"},{"taxonomy":"post_tag","embeddable":true,"href":"https:\/\/rad.asvi.at\/index.php?rest_route=%2Fwp%2Fv2%2Ftags&post=7825"}],"curies":[{"name":"wp","href":"https:\/\/api.w.org\/{rel}","templated":true}]}}