{"id":7890,"date":"2021-08-15T20:55:46","date_gmt":"2021-08-15T18:55:46","guid":{"rendered":"http:\/\/www.radclub-inzing.at\/?p=7890"},"modified":"2021-08-15T20:55:46","modified_gmt":"2021-08-15T18:55:46","slug":"grieser-triumpf-im-doppelpack-bei-der-internationalen-alpe-adria-tour-in-karnten","status":"publish","type":"post","link":"https:\/\/rad.asvi.at\/?p=7890","title":{"rendered":"Grie\u00dfer-Triumpf im Doppelpack bei der Internationalen Alpe Adria Tour in K\u00e4rnten!"},"content":{"rendered":"<p><strong>ALPE-ADRIA-TOUR\/13.-15.08.21<\/strong><\/p>\n<p>An diesem WE fand in K\u00e4rnten die 3-t\u00e4gige Alpe Adria Tour f\u00fcr Nachwuchsfahrer statt. Dabei musste am Freitag ein Bergrennen mit 12km L\u00e4nge und einer H\u00f6hendifferenz von 600 Hm bew\u00e4ltigt werden. Am Samstag stand dann ein Einzelzeitfahren \u00fcber 11 km und am finalen Sonntag ein Rundstreckenrennen -je nach Kategorie zwischen 20 und 72 km- auf dem Programm. Sowohl <strong><em>Ramona (Md U17)<\/em><\/strong> als auch <strong><em>Lukas Grie\u00dfer (Jun)<\/em><\/strong> konnten bereits am Freitag das Bergrennen gewinnen und einen deutlichen Vorsprung herausfahren. Ramona gewann dann auch das Einzelzeitfahren am Samstag souver\u00e4n, Lukas wurde mit relativ wenig R\u00fcckstand 7er, sodass er die Gesamtf\u00fchrung behielt. Beim abschlie\u00dfenden Rundstreckenrennen lie\u00dfen beide nichts mehr anbrennen -Ramona wurde 2. und Lukas 4. Beide gewannen mit einem ordentlichen Vorsprung die Gesamtwertung der Alpe-Adria-Tour!<\/p>\n<p>Unser Verein <strong>\u00d6AMTC RAIKA BKD ASV INZING<\/strong> war aber noch mit 2 weiteren Fahrern vertreten, n\u00e4mlich <strong><em>Marina Gurtner (Md U17)<\/em><\/strong> und <strong><em>Felix R\u00fctzler (U17)<\/em><\/strong>. Marina kam auf den ausgezeichneten 6. Gesamtrang und Felix wurde bei den Burschen 13. Nach seinem \u00fcberstandenen grippalen Infekt zeigte er v.a. beim abschlie\u00dfenden Rundstreckenrennen wieder gro\u00df auf, wo er im Massensprint 4er wurde.<\/p>\n<p>Wir gratulieren herzlich!<\/p>\n","protected":false},"excerpt":{"rendered":"<p>ALPE-ADRIA-TOUR\/13.-15.08.21 An diesem WE fand in K\u00e4rnten die 3-t\u00e4gige Alpe Adria Tour f\u00fcr Nachwuchsfahrer statt. Dabei musste am Freitag ein Bergrennen mit 12km L\u00e4nge und einer H\u00f6hendifferenz von 600 Hm bew\u00e4ltigt werden. Am Samstag stand dann ein Einzelzeitfahren \u00fcber 11 km und am finalen Sonntag ein Rundstreckenrennen -je nach Kategorie zwischen 20 und 72 km-&hellip;&nbsp;<a href=\"https:\/\/rad.asvi.at\/?p=7890\" class=\"\" rel=\"bookmark\">Weiterlesen &raquo;<span class=\"screen-reader-text\">Grie\u00dfer-Triumpf im Doppelpack bei der Internationalen Alpe Adria Tour in K\u00e4rnten!<\/span><\/a><\/p>\n","protected":false},"author":2,"featured_media":7891,"comment_status":"open","ping_status":"closed","sticky":false,"template":"","format":"standard","meta":{"neve_meta_sidebar":"","neve_meta_container":"","neve_meta_enable_content_width":"","neve_meta_content_width":0,"neve_meta_title_alignment":"","neve_meta_author_avatar":"","neve_post_elements_order":"","neve_meta_disable_header":"","neve_meta_disable_footer":"","neve_meta_disable_title":"","footnotes":""},"categories":[9,11],"tags":[],"class_list":["post-7890","post","type-post","status-publish","format-standard","has-post-thumbnail","hentry","category-allgemein","category-rennsport"],"featured_image_urls":{"full":"","thumbnail":"","medium":"","medium_large":"","large":"","xl":"","xxl":"","xxxl":"","xxxxl":"","xxxxxl":"","1536x1536":"","2048x2048":"","neve-blog":""},"post_excerpt_stackable":"<p>ALPE-ADRIA-TOUR\/13.-15.08.21 An diesem WE fand in K\u00e4rnten die 3-t\u00e4gige Alpe Adria Tour f\u00fcr Nachwuchsfahrer statt. Dabei musste am Freitag ein Bergrennen mit 12km L\u00e4nge und einer H\u00f6hendifferenz von 600 Hm bew\u00e4ltigt werden. Am Samstag stand dann ein Einzelzeitfahren \u00fcber 11 km und am finalen Sonntag ein Rundstreckenrennen -je nach Kategorie zwischen 20 und 72 km- auf dem Programm. Sowohl Ramona (Md U17) als auch Lukas Grie\u00dfer (Jun) konnten bereits am Freitag das Bergrennen gewinnen und einen deutlichen Vorsprung herausfahren. Ramona gewann dann auch das Einzelzeitfahren am Samstag souver\u00e4n, Lukas wurde mit relativ wenig R\u00fcckstand 7er, sodass er die Gesamtf\u00fchrung behielt.&hellip;<\/p>\n","category_list":"<a href=\"https:\/\/rad.asvi.at\/?cat=9\" rel=\"category\">Allgemein<\/a>, <a href=\"https:\/\/rad.asvi.at\/?cat=11\" rel=\"category\">Rennsport<\/a>","author_info":{"name":"Roman","url":"https:\/\/rad.asvi.at\/?author=2"},"comments_num":"0 comments","_links":{"self":[{"href":"https:\/\/rad.asvi.at\/index.php?rest_route=\/wp\/v2\/posts\/7890","targetHints":{"allow":["GET"]}}],"collection":[{"href":"https:\/\/rad.asvi.at\/index.php?rest_route=\/wp\/v2\/posts"}],"about":[{"href":"https:\/\/rad.asvi.at\/index.php?rest_route=\/wp\/v2\/types\/post"}],"author":[{"embeddable":true,"href":"https:\/\/rad.asvi.at\/index.php?rest_route=\/wp\/v2\/users\/2"}],"replies":[{"embeddable":true,"href":"https:\/\/rad.asvi.at\/index.php?rest_route=%2Fwp%2Fv2%2Fcomments&post=7890"}],"version-history":[{"count":0,"href":"https:\/\/rad.asvi.at\/index.php?rest_route=\/wp\/v2\/posts\/7890\/revisions"}],"wp:featuredmedia":[{"embeddable":true,"href":"https:\/\/rad.asvi.at\/index.php?rest_route=\/"}],"wp:attachment":[{"href":"https:\/\/rad.asvi.at\/index.php?rest_route=%2Fwp%2Fv2%2Fmedia&parent=7890"}],"wp:term":[{"taxonomy":"category","embeddable":true,"href":"https:\/\/rad.asvi.at\/index.php?rest_route=%2Fwp%2Fv2%2Fcategories&post=7890"},{"taxonomy":"post_tag","embeddable":true,"href":"https:\/\/rad.asvi.at\/index.php?rest_route=%2Fwp%2Fv2%2Ftags&post=7890"}],"curies":[{"name":"wp","href":"https:\/\/api.w.org\/{rel}","templated":true}]}}