{"id":7911,"date":"2021-08-22T22:50:14","date_gmt":"2021-08-22T20:50:14","guid":{"rendered":"http:\/\/www.radclub-inzing.at\/?p=7911"},"modified":"2021-08-22T22:50:14","modified_gmt":"2021-08-22T20:50:14","slug":"bericht-zur-3-touristik-ausfahrt-bayrischzell-sudelland","status":"publish","type":"post","link":"https:\/\/rad.asvi.at\/?p=7911","title":{"rendered":"Bericht zur 3. Touristik-Ausfahrt Bayrischzell-Sudelland"},"content":{"rendered":"<p>Immerhin 6 Vereinsmitglieder trafen sich gestern in der Fr\u00fch in Kramsach, um unter der makellosen F\u00fchrung von Hannes Madersbacher (Kramsacher Freund und &#8222;Insider&#8220;) eine wundersch\u00f6ne Runde ins benachbarte Bayern zu unternehmen. Es ging von Kramsach aus -nicht die Normalroute, sondern gleich steil hinauf \u00fcber den Neudegger H\u00f6henweg ans \u00f6stliche Ende der Reinthaler Seen- und von dort in \u00f6stlicher Richtung weiter Richtung Kufstein. Kurz bevor es ganz hinunter nach Breitenbach geht, darf man eine Abzweigung (re\/beim Weiler Vorhof) nicht vers\u00e4umen, um dann weiter in nord\u00f6stlicher Richtung an vielen kleinen Weilern und H\u00f6fen (Ramsau, Grub, Sch\u00f6nau, Embach) vorbei &#8211; nach Maria Stein zu gelangen. Von dort \u00fcber Langkampfen ebenfalls abseits der Hauptstra\u00dfe bis nach Unterlangkampfen und weiter einige Kilometer auf der Hauptstra\u00dfe bis nach Kufstein. Beim Kreisverkehr (M\u00fcnchnerstr.\/Rosenheimerstr.) in Fahrtrichtung Bayrischzell\/Thiersee weiter auf der m\u00e4\u00dfig befahrenen Thierseestra\u00dfe &#8211; jetzt macht man gleich einmal einige H\u00f6henmeter bevor es wieder etwas angenehmer weiter geht. Bald einmal bei Thiersee vorbei (dort rechts halten) entlang wundersch\u00f6ner Landschaften st\u00e4ndig leicht bergauf und bergab. Einige Kilometer vor der Staatsgrenze haben wir dann an der Strecke liegend doch noch ein &#8222;Labestation&#8220; (Landgasthaus zur Post) gefunden, um uns bei Kaffee und Kuchen zu st\u00e4rken. Flo wollte lieber &#8222;eine&#8220; Kugel Eis &#8211; bekommen hat er dann einen &#8222;Rieseneisbecher&#8220; mit ganz viel Schlagobers. Das machte dem Florian bei der Weiterfahrt aber \u00fcberhaupt nichts aus! Wir fuhren dann ordentlich gest\u00e4rkt auf selbiger Stra\u00dfe bis nach Bayrischzell. Von dort ging es nach rechts und gleich hinein in den Anstieg \u00fcber den &#8222;Sudelfeldpass&#8220; (ca. 300Hm), wo uns Kolonnen von Radfahrern mit Startnummern entgegen kamen (Thierseeradmarathon). Auf einer grandiosen Abfahrt beim Schigebiet Sudelfeld vorbei, ging es dann hinunter bis nach Oberaudorf &#8211; Kiefersfelden und zur\u00fcck nach Kufstein. Von dort sind wir weitgehend abseits \u00fcber Radwege nach Kirchbichl und W\u00f6rgl gefahren, um beim Biergarten in W\u00f6rgl noch einmal einzukehren und Mittag zu essen. Die letzten 15 Kilometer zur\u00fcck nach Kramsach legten wir &#8222;flach&#8220; auf dem Radweg zur\u00fcck. Dank Felix und Hannes wurde das Tempo durch zahlreiche &#8222;Attacken&#8220; immer wieder einmal ordentlich versch\u00e4rft, sodass niemandem langweilig wurde! Bei Hannes zuhause durften wir dann ein drittes Mal einkehren und bekamen von ihm einen perfekten Cappuccino serviert!<\/p>\n<p>DANKE allen Beteiligten f\u00fcr den gelungenen Radausflug!<\/p>\n<p>&nbsp;<\/p>\n","protected":false},"excerpt":{"rendered":"<p>Immerhin 6 Vereinsmitglieder trafen sich gestern in der Fr\u00fch in Kramsach, um unter der makellosen F\u00fchrung von Hannes Madersbacher (Kramsacher Freund und &#8222;Insider&#8220;) eine wundersch\u00f6ne Runde ins benachbarte Bayern zu unternehmen. Es ging von Kramsach aus -nicht die Normalroute, sondern gleich steil hinauf \u00fcber den Neudegger H\u00f6henweg ans \u00f6stliche Ende der Reinthaler Seen- und von&hellip;&nbsp;<a href=\"https:\/\/rad.asvi.at\/?p=7911\" class=\"\" rel=\"bookmark\">Weiterlesen &raquo;<span class=\"screen-reader-text\">Bericht zur 3. Touristik-Ausfahrt Bayrischzell-Sudelland<\/span><\/a><\/p>\n","protected":false},"author":2,"featured_media":7959,"comment_status":"open","ping_status":"closed","sticky":false,"template":"","format":"standard","meta":{"neve_meta_sidebar":"","neve_meta_container":"","neve_meta_enable_content_width":"","neve_meta_content_width":0,"neve_meta_title_alignment":"","neve_meta_author_avatar":"","neve_post_elements_order":"","neve_meta_disable_header":"","neve_meta_disable_footer":"","neve_meta_disable_title":"","footnotes":""},"categories":[9,10],"tags":[],"class_list":["post-7911","post","type-post","status-publish","format-standard","has-post-thumbnail","hentry","category-allgemein","category-hobbysport"],"featured_image_urls":{"full":"","thumbnail":"","medium":"","medium_large":"","large":"","xl":"","xxl":"","xxxl":"","xxxxl":"","xxxxxl":"","1536x1536":"","2048x2048":"","neve-blog":""},"post_excerpt_stackable":"<p>Immerhin 6 Vereinsmitglieder trafen sich gestern in der Fr\u00fch in Kramsach, um unter der makellosen F\u00fchrung von Hannes Madersbacher (Kramsacher Freund und &#8222;Insider&#8220;) eine wundersch\u00f6ne Runde ins benachbarte Bayern zu unternehmen. Es ging von Kramsach aus -nicht die Normalroute, sondern gleich steil hinauf \u00fcber den Neudegger H\u00f6henweg ans \u00f6stliche Ende der Reinthaler Seen- und von dort in \u00f6stlicher Richtung weiter Richtung Kufstein. Kurz bevor es ganz hinunter nach Breitenbach geht, darf man eine Abzweigung (re\/beim Weiler Vorhof) nicht vers\u00e4umen, um dann weiter in nord\u00f6stlicher Richtung an vielen kleinen Weilern und H\u00f6fen (Ramsau, Grub, Sch\u00f6nau, Embach) vorbei &#8211; nach Maria Stein&hellip;<\/p>\n","category_list":"<a href=\"https:\/\/rad.asvi.at\/?cat=9\" rel=\"category\">Allgemein<\/a>, <a href=\"https:\/\/rad.asvi.at\/?cat=10\" rel=\"category\">Hobbysport<\/a>","author_info":{"name":"Roman","url":"https:\/\/rad.asvi.at\/?author=2"},"comments_num":"0 comments","_links":{"self":[{"href":"https:\/\/rad.asvi.at\/index.php?rest_route=\/wp\/v2\/posts\/7911","targetHints":{"allow":["GET"]}}],"collection":[{"href":"https:\/\/rad.asvi.at\/index.php?rest_route=\/wp\/v2\/posts"}],"about":[{"href":"https:\/\/rad.asvi.at\/index.php?rest_route=\/wp\/v2\/types\/post"}],"author":[{"embeddable":true,"href":"https:\/\/rad.asvi.at\/index.php?rest_route=\/wp\/v2\/users\/2"}],"replies":[{"embeddable":true,"href":"https:\/\/rad.asvi.at\/index.php?rest_route=%2Fwp%2Fv2%2Fcomments&post=7911"}],"version-history":[{"count":0,"href":"https:\/\/rad.asvi.at\/index.php?rest_route=\/wp\/v2\/posts\/7911\/revisions"}],"wp:featuredmedia":[{"embeddable":true,"href":"https:\/\/rad.asvi.at\/index.php?rest_route=\/"}],"wp:attachment":[{"href":"https:\/\/rad.asvi.at\/index.php?rest_route=%2Fwp%2Fv2%2Fmedia&parent=7911"}],"wp:term":[{"taxonomy":"category","embeddable":true,"href":"https:\/\/rad.asvi.at\/index.php?rest_route=%2Fwp%2Fv2%2Fcategories&post=7911"},{"taxonomy":"post_tag","embeddable":true,"href":"https:\/\/rad.asvi.at\/index.php?rest_route=%2Fwp%2Fv2%2Ftags&post=7911"}],"curies":[{"name":"wp","href":"https:\/\/api.w.org\/{rel}","templated":true}]}}