{"id":7976,"date":"2021-09-12T10:08:00","date_gmt":"2021-09-12T08:08:00","guid":{"rendered":"http:\/\/www.radclub-inzing.at\/?p=7976"},"modified":"2021-09-12T10:08:00","modified_gmt":"2021-09-12T08:08:00","slug":"lukas-grieser-mit-pech-bei-der-europameisterschaft-in-trient10-09-2021","status":"publish","type":"post","link":"https:\/\/rad.asvi.at\/?p=7976","title":{"rendered":"Lukas Grie\u00dfer mit Pech bei der Europameisterschaft in Trient\/10.09.2021"},"content":{"rendered":"<p>Am Freitag 10.9. waren die Junioren bei der Europameisterschaft in Trient im Einsatz. Das \u00f6sterreichische Nationalteam war mit 6 Fahrern am Start, 2 davon aus Tirol, n\u00e4mlich <em>Marco Schrettl<\/em> und <strong><em>Lukas Grie\u00dfer<\/em><\/strong> aus Inzing. Lukas hatte leider schon im Vorfeld der Europameisterschaft bei der Tschechienrundfahrt vor 2 Wochen kein Gl\u00fcck. Er st\u00fcrzte schon bei der ersten Etappe schwer und zog sich eine Rippenverletzung zu. Bis wenige Tage vor den Europameisterschaften war noch nicht klar, ob er \u00fcberhaupt starten wird k\u00f6nnen. Aber es ist sich ausgegangen und Lukas durfte an den Start gehen. Auf dem Rundkurs in Trient mussten die Junioren 8 Runden zu je 13km bew\u00e4ltigen, mit\u00a0 ein einem mittelschweren Anstieg \u00fcber 3km und ca. 200 Hm. Obwohl die Vorbereitung alles andere als optimal war, hielt sich Lukas bis zur H\u00e4lfte des Rennens immer in der ersten Gruppe, erst ab der 5 Runde viel er dann zur\u00fcck. 2 Runden vor Schluss ereilte ihn dann dasselbe Schicksal wie alle anderen zur\u00fcckgefallenen Fahrer au\u00dferhalb der Karrenzzeit, sie wurden vorzeitig aus dem Rennen genommen. Trotzdem war es eine tolle Erfahrung f\u00fcr Lukas vor so einer Kulisse -mit so vielen Zuschauern am Streckenrand- zu fahren. Nat\u00fcrlich war auch eine Tiroler Abordnung vor Ort um die \u00d6sterreicher mit Transparenten, Fahnen und Hupen lautstark anzufeuern.<\/p>\n","protected":false},"excerpt":{"rendered":"<p>Am Freitag 10.9. waren die Junioren bei der Europameisterschaft in Trient im Einsatz. Das \u00f6sterreichische Nationalteam war mit 6 Fahrern am Start, 2 davon aus Tirol, n\u00e4mlich Marco Schrettl und Lukas Grie\u00dfer aus Inzing. Lukas hatte leider schon im Vorfeld der Europameisterschaft bei der Tschechienrundfahrt vor 2 Wochen kein Gl\u00fcck. Er st\u00fcrzte schon bei der&hellip;&nbsp;<a href=\"https:\/\/rad.asvi.at\/?p=7976\" class=\"\" rel=\"bookmark\">Weiterlesen &raquo;<span class=\"screen-reader-text\">Lukas Grie\u00dfer mit Pech bei der Europameisterschaft in Trient\/10.09.2021<\/span><\/a><\/p>\n","protected":false},"author":2,"featured_media":7981,"comment_status":"open","ping_status":"closed","sticky":false,"template":"","format":"standard","meta":{"neve_meta_sidebar":"","neve_meta_container":"","neve_meta_enable_content_width":"","neve_meta_content_width":0,"neve_meta_title_alignment":"","neve_meta_author_avatar":"","neve_post_elements_order":"","neve_meta_disable_header":"","neve_meta_disable_footer":"","neve_meta_disable_title":"","footnotes":""},"categories":[9,11],"tags":[],"class_list":["post-7976","post","type-post","status-publish","format-standard","has-post-thumbnail","hentry","category-allgemein","category-rennsport"],"featured_image_urls":{"full":"","thumbnail":"","medium":"","medium_large":"","large":"","xl":"","xxl":"","xxxl":"","xxxxl":"","xxxxxl":"","1536x1536":"","2048x2048":"","neve-blog":""},"post_excerpt_stackable":"<p>Am Freitag 10.9. waren die Junioren bei der Europameisterschaft in Trient im Einsatz. Das \u00f6sterreichische Nationalteam war mit 6 Fahrern am Start, 2 davon aus Tirol, n\u00e4mlich Marco Schrettl und Lukas Grie\u00dfer aus Inzing. Lukas hatte leider schon im Vorfeld der Europameisterschaft bei der Tschechienrundfahrt vor 2 Wochen kein Gl\u00fcck. Er st\u00fcrzte schon bei der ersten Etappe schwer und zog sich eine Rippenverletzung zu. Bis wenige Tage vor den Europameisterschaften war noch nicht klar, ob er \u00fcberhaupt starten wird k\u00f6nnen. Aber es ist sich ausgegangen und Lukas durfte an den Start gehen. Auf dem Rundkurs in Trient mussten die Junioren&hellip;<\/p>\n","category_list":"<a href=\"https:\/\/rad.asvi.at\/?cat=9\" rel=\"category\">Allgemein<\/a>, <a href=\"https:\/\/rad.asvi.at\/?cat=11\" rel=\"category\">Rennsport<\/a>","author_info":{"name":"Roman","url":"https:\/\/rad.asvi.at\/?author=2"},"comments_num":"0 comments","_links":{"self":[{"href":"https:\/\/rad.asvi.at\/index.php?rest_route=\/wp\/v2\/posts\/7976","targetHints":{"allow":["GET"]}}],"collection":[{"href":"https:\/\/rad.asvi.at\/index.php?rest_route=\/wp\/v2\/posts"}],"about":[{"href":"https:\/\/rad.asvi.at\/index.php?rest_route=\/wp\/v2\/types\/post"}],"author":[{"embeddable":true,"href":"https:\/\/rad.asvi.at\/index.php?rest_route=\/wp\/v2\/users\/2"}],"replies":[{"embeddable":true,"href":"https:\/\/rad.asvi.at\/index.php?rest_route=%2Fwp%2Fv2%2Fcomments&post=7976"}],"version-history":[{"count":0,"href":"https:\/\/rad.asvi.at\/index.php?rest_route=\/wp\/v2\/posts\/7976\/revisions"}],"wp:featuredmedia":[{"embeddable":true,"href":"https:\/\/rad.asvi.at\/index.php?rest_route=\/"}],"wp:attachment":[{"href":"https:\/\/rad.asvi.at\/index.php?rest_route=%2Fwp%2Fv2%2Fmedia&parent=7976"}],"wp:term":[{"taxonomy":"category","embeddable":true,"href":"https:\/\/rad.asvi.at\/index.php?rest_route=%2Fwp%2Fv2%2Fcategories&post=7976"},{"taxonomy":"post_tag","embeddable":true,"href":"https:\/\/rad.asvi.at\/index.php?rest_route=%2Fwp%2Fv2%2Ftags&post=7976"}],"curies":[{"name":"wp","href":"https:\/\/api.w.org\/{rel}","templated":true}]}}