{"id":7997,"date":"2022-03-18T18:24:35","date_gmt":"2022-03-18T17:24:35","guid":{"rendered":"http:\/\/www.radclub-inzing.at\/?p=7997"},"modified":"2022-03-18T18:24:35","modified_gmt":"2022-03-18T17:24:35","slug":"radtrainingslager-rennfahrer-auf-gran-canaria","status":"publish","type":"post","link":"https:\/\/rad.asvi.at\/?p=7997","title":{"rendered":"Radtrainingslager der Rennfahrer auf Gran Canaria"},"content":{"rendered":"<p>Vom\u00a013.2. bis 20.2.\u00a0 veranstaltete der \u00d6AMTC RAIKA BKD ASV INZING schon zum 3. Mal ein Radtrainingslager auf der Insel Gran Canaria. Unter der bew\u00e4hrten Federf\u00fchrung von Elias Farbmacher und Thomas Grie\u00dfer tankten die Rennfahrer Ramona (U17) und Lukas (U23) Grie\u00dfer sowie Felix R\u00fctzler (U17) viel Kraft und Ausdauer f\u00fcr die anstehende Wettkampsaison. So wurde in einer Woche an die 30 Stunden radspezifisch trainiert und aufgrund der Topographie der Insel kamen dabei \u00fcber 18.000 Hm zusammen!<\/p>\n<p>&nbsp;<\/p>\n<p>&nbsp;<\/p>\n<p>&nbsp;<\/p>\n","protected":false},"excerpt":{"rendered":"<p>Vom\u00a013.2. bis 20.2.\u00a0 veranstaltete der \u00d6AMTC RAIKA BKD ASV INZING schon zum 3. Mal ein Radtrainingslager auf der Insel Gran Canaria. Unter der bew\u00e4hrten Federf\u00fchrung von Elias Farbmacher und Thomas Grie\u00dfer tankten die Rennfahrer Ramona (U17) und Lukas (U23) Grie\u00dfer sowie Felix R\u00fctzler (U17) viel Kraft und Ausdauer f\u00fcr die anstehende Wettkampsaison. So wurde in&hellip;&nbsp;<a href=\"https:\/\/rad.asvi.at\/?p=7997\" class=\"\" rel=\"bookmark\">Weiterlesen &raquo;<span class=\"screen-reader-text\">Radtrainingslager der Rennfahrer auf Gran Canaria<\/span><\/a><\/p>\n","protected":false},"author":2,"featured_media":8009,"comment_status":"open","ping_status":"closed","sticky":false,"template":"","format":"standard","meta":{"neve_meta_sidebar":"","neve_meta_container":"","neve_meta_enable_content_width":"","neve_meta_content_width":0,"neve_meta_title_alignment":"","neve_meta_author_avatar":"","neve_post_elements_order":"","neve_meta_disable_header":"","neve_meta_disable_footer":"","neve_meta_disable_title":"","footnotes":""},"categories":[9,11],"tags":[],"class_list":["post-7997","post","type-post","status-publish","format-standard","has-post-thumbnail","hentry","category-allgemein","category-rennsport"],"featured_image_urls":{"full":"","thumbnail":"","medium":"","medium_large":"","large":"","xl":"","xxl":"","xxxl":"","xxxxl":"","xxxxxl":"","1536x1536":"","2048x2048":"","neve-blog":""},"post_excerpt_stackable":"<p>Vom\u00a013.2. bis 20.2.\u00a0 veranstaltete der \u00d6AMTC RAIKA BKD ASV INZING schon zum 3. Mal ein Radtrainingslager auf der Insel Gran Canaria. Unter der bew\u00e4hrten Federf\u00fchrung von Elias Farbmacher und Thomas Grie\u00dfer tankten die Rennfahrer Ramona (U17) und Lukas (U23) Grie\u00dfer sowie Felix R\u00fctzler (U17) viel Kraft und Ausdauer f\u00fcr die anstehende Wettkampsaison. So wurde in einer Woche an die 30 Stunden radspezifisch trainiert und aufgrund der Topographie der Insel kamen dabei \u00fcber 18.000 Hm zusammen! &nbsp; &nbsp; &nbsp;<\/p>\n","category_list":"<a href=\"https:\/\/rad.asvi.at\/?cat=9\" rel=\"category\">Allgemein<\/a>, <a href=\"https:\/\/rad.asvi.at\/?cat=11\" rel=\"category\">Rennsport<\/a>","author_info":{"name":"Roman","url":"https:\/\/rad.asvi.at\/?author=2"},"comments_num":"0 comments","_links":{"self":[{"href":"https:\/\/rad.asvi.at\/index.php?rest_route=\/wp\/v2\/posts\/7997","targetHints":{"allow":["GET"]}}],"collection":[{"href":"https:\/\/rad.asvi.at\/index.php?rest_route=\/wp\/v2\/posts"}],"about":[{"href":"https:\/\/rad.asvi.at\/index.php?rest_route=\/wp\/v2\/types\/post"}],"author":[{"embeddable":true,"href":"https:\/\/rad.asvi.at\/index.php?rest_route=\/wp\/v2\/users\/2"}],"replies":[{"embeddable":true,"href":"https:\/\/rad.asvi.at\/index.php?rest_route=%2Fwp%2Fv2%2Fcomments&post=7997"}],"version-history":[{"count":0,"href":"https:\/\/rad.asvi.at\/index.php?rest_route=\/wp\/v2\/posts\/7997\/revisions"}],"wp:featuredmedia":[{"embeddable":true,"href":"https:\/\/rad.asvi.at\/index.php?rest_route=\/"}],"wp:attachment":[{"href":"https:\/\/rad.asvi.at\/index.php?rest_route=%2Fwp%2Fv2%2Fmedia&parent=7997"}],"wp:term":[{"taxonomy":"category","embeddable":true,"href":"https:\/\/rad.asvi.at\/index.php?rest_route=%2Fwp%2Fv2%2Fcategories&post=7997"},{"taxonomy":"post_tag","embeddable":true,"href":"https:\/\/rad.asvi.at\/index.php?rest_route=%2Fwp%2Fv2%2Ftags&post=7997"}],"curies":[{"name":"wp","href":"https:\/\/api.w.org\/{rel}","templated":true}]}}