{"id":8041,"date":"2022-04-24T23:02:28","date_gmt":"2022-04-24T21:02:28","guid":{"rendered":"http:\/\/www.radclub-inzing.at\/?p=8041"},"modified":"2022-04-24T23:02:28","modified_gmt":"2022-04-24T21:02:28","slug":"ramona-grieser-und-felix-rutzler-souverane-tm-auf-der-strase","status":"publish","type":"post","link":"https:\/\/rad.asvi.at\/?p=8041","title":{"rendered":"Ramona Grie\u00dfer und Felix R\u00fctzler souver\u00e4ne TM auf der Stra\u00dfe!"},"content":{"rendered":"<p>S\u00f6ll 24.04.2022 \u2013 Am heutigen So fand das traditionelle \u201eErnst-Feuchtner-Gedenkrennen\u201c (fr\u00fcher Langkampfen) das erste Mal auf einem Rundkurs in S\u00f6ll statt. Bei sehr guten Witterungsbedingungen musste dabei ein 3,5 km langer Rundkurs bew\u00e4ltigt werden, der eine rasante Abfahrt und eine 4-6%-ige Steigung \u00fcber ca. 500m beinhaltete.<\/p>\n<p>Bei den M\u00e4dchen U17 konnte der Sieg nur \u00fcber <strong>Ramona Grie\u00dfer (\u00d6AMTC RAIKA BKD ASV INZING)<\/strong> gehen, die bereits das Saisoner\u00f6ffnungsrennen (ein EZF in Stephanshart) \u00fcberlegen gewann. Sie war auch die einzige der M\u00e4dchen, die bei den Buben U15 bis zum Schluss ganz vorne mithalten konnte. So gewann sie mit mehr als 2 Minuten Vorsprung auf die zweitplatzierte Sophie Walcher!<\/p>\n<p>Bei den Burschen U17 fuhr <strong>Felix R\u00fctzler (ebenfalls \u00d6AMTC RAIKA BKD ASV INZING)<\/strong> von Beginn an sehr konzentriert und immer ganz vorne, damit er ja nicht wieder die \u201ePost\u201c vers\u00e4umt wie vor 14 Tagen beim \u201eKirschbl\u00fctenrennen\u201c in Wels. Au\u00dferdem hatte er heute auch richtig \u201egute Beine\u201c. Die Jungs hatten 15 Runden zu fahren und bereits zu Beginn bildete sich eine 8-k\u00f6pfige Spitzengruppe und Felix war mit von der Partie! Gegen Mitte des Rennens wurde das Tempo etwas versch\u00e4rft, sodass die Gruppe auf 6 Fahrer reduziert wurde. 4 Runden vor Schluss dann ein vorentscheidender Angriff des b\u00e4renstarken Slowenen Erazem Valjavec. W\u00e4hrend dieser einem ungef\u00e4hrdeten Solosieg entgegen fuhr, ging es dahinter noch um die begehrten Stockerlpl\u00e4tze. Felix R\u00fctzler attackierte ganz frech bereits bei der 100m-Marke und gewann diesen Bergauf-Sprint von vorne!<\/p>\n<p>Felix und Ramona holten sich damit beide den Titel bei den TM!<\/p>\n","protected":false},"excerpt":{"rendered":"<p>S\u00f6ll 24.04.2022 \u2013 Am heutigen So fand das traditionelle \u201eErnst-Feuchtner-Gedenkrennen\u201c (fr\u00fcher Langkampfen) das erste Mal auf einem Rundkurs in S\u00f6ll statt. Bei sehr guten Witterungsbedingungen musste dabei ein 3,5 km langer Rundkurs bew\u00e4ltigt werden, der eine rasante Abfahrt und eine 4-6%-ige Steigung \u00fcber ca. 500m beinhaltete. Bei den M\u00e4dchen U17 konnte der Sieg nur \u00fcber&hellip;&nbsp;<a href=\"https:\/\/rad.asvi.at\/?p=8041\" class=\"\" rel=\"bookmark\">Weiterlesen &raquo;<span class=\"screen-reader-text\">Ramona Grie\u00dfer und Felix R\u00fctzler souver\u00e4ne TM auf der Stra\u00dfe!<\/span><\/a><\/p>\n","protected":false},"author":2,"featured_media":8058,"comment_status":"open","ping_status":"closed","sticky":false,"template":"","format":"standard","meta":{"neve_meta_sidebar":"","neve_meta_container":"","neve_meta_enable_content_width":"","neve_meta_content_width":0,"neve_meta_title_alignment":"","neve_meta_author_avatar":"","neve_post_elements_order":"","neve_meta_disable_header":"","neve_meta_disable_footer":"","neve_meta_disable_title":"","footnotes":""},"categories":[9,11],"tags":[],"class_list":["post-8041","post","type-post","status-publish","format-standard","has-post-thumbnail","hentry","category-allgemein","category-rennsport"],"featured_image_urls":{"full":"","thumbnail":"","medium":"","medium_large":"","large":"","xl":"","xxl":"","xxxl":"","xxxxl":"","xxxxxl":"","1536x1536":"","2048x2048":"","neve-blog":""},"post_excerpt_stackable":"<p>S\u00f6ll 24.04.2022 \u2013 Am heutigen So fand das traditionelle \u201eErnst-Feuchtner-Gedenkrennen\u201c (fr\u00fcher Langkampfen) das erste Mal auf einem Rundkurs in S\u00f6ll statt. Bei sehr guten Witterungsbedingungen musste dabei ein 3,5 km langer Rundkurs bew\u00e4ltigt werden, der eine rasante Abfahrt und eine 4-6%-ige Steigung \u00fcber ca. 500m beinhaltete. Bei den M\u00e4dchen U17 konnte der Sieg nur \u00fcber Ramona Grie\u00dfer (\u00d6AMTC RAIKA BKD ASV INZING) gehen, die bereits das Saisoner\u00f6ffnungsrennen (ein EZF in Stephanshart) \u00fcberlegen gewann. Sie war auch die einzige der M\u00e4dchen, die bei den Buben U15 bis zum Schluss ganz vorne mithalten konnte. So gewann sie mit mehr als 2 Minuten&hellip;<\/p>\n","category_list":"<a href=\"https:\/\/rad.asvi.at\/?cat=9\" rel=\"category\">Allgemein<\/a>, <a href=\"https:\/\/rad.asvi.at\/?cat=11\" rel=\"category\">Rennsport<\/a>","author_info":{"name":"Roman","url":"https:\/\/rad.asvi.at\/?author=2"},"comments_num":"0 comments","_links":{"self":[{"href":"https:\/\/rad.asvi.at\/index.php?rest_route=\/wp\/v2\/posts\/8041","targetHints":{"allow":["GET"]}}],"collection":[{"href":"https:\/\/rad.asvi.at\/index.php?rest_route=\/wp\/v2\/posts"}],"about":[{"href":"https:\/\/rad.asvi.at\/index.php?rest_route=\/wp\/v2\/types\/post"}],"author":[{"embeddable":true,"href":"https:\/\/rad.asvi.at\/index.php?rest_route=\/wp\/v2\/users\/2"}],"replies":[{"embeddable":true,"href":"https:\/\/rad.asvi.at\/index.php?rest_route=%2Fwp%2Fv2%2Fcomments&post=8041"}],"version-history":[{"count":0,"href":"https:\/\/rad.asvi.at\/index.php?rest_route=\/wp\/v2\/posts\/8041\/revisions"}],"wp:featuredmedia":[{"embeddable":true,"href":"https:\/\/rad.asvi.at\/index.php?rest_route=\/"}],"wp:attachment":[{"href":"https:\/\/rad.asvi.at\/index.php?rest_route=%2Fwp%2Fv2%2Fmedia&parent=8041"}],"wp:term":[{"taxonomy":"category","embeddable":true,"href":"https:\/\/rad.asvi.at\/index.php?rest_route=%2Fwp%2Fv2%2Fcategories&post=8041"},{"taxonomy":"post_tag","embeddable":true,"href":"https:\/\/rad.asvi.at\/index.php?rest_route=%2Fwp%2Fv2%2Ftags&post=8041"}],"curies":[{"name":"wp","href":"https:\/\/api.w.org\/{rel}","templated":true}]}}