{"id":8082,"date":"2022-05-29T21:03:41","date_gmt":"2022-05-29T19:03:41","guid":{"rendered":"http:\/\/www.radclub-inzing.at\/?p=8082"},"modified":"2022-05-29T21:03:41","modified_gmt":"2022-05-29T19:03:41","slug":"wieder-tolle-erfolge-fur-inzinger-radler","status":"publish","type":"post","link":"https:\/\/rad.asvi.at\/?p=8082","title":{"rendered":"Wieder tolle Erfolge f\u00fcr Inzinger Radler!"},"content":{"rendered":"<p><strong><span style=\"text-decoration: underline;\">Kindbergrennen \u2013 zgl. <\/span><\/strong><strong><span style=\"text-decoration: underline;\">\u00d6M-Berg Amateure-Master-U17-Junioren<\/span><\/strong><\/p>\n<p>Gestern am 21.5. fand in Kindberg in der Stm die \u00d6M am Berg f\u00fcr die Nachwuchskategorien und Amateure statt. Der <strong>\u00d6AMTC RAIKA BKD ASV INZING<\/strong> war trotz krankheitsbedingter Abwesenheit von Felix R\u00fctzler (U17) mit 3 Fahrern am Start. F\u00fcr Ramona Grie\u00dfer war es ein 3km langes Bergzeitfahren (ohne \u00d6M-Wertung). Sie gewann schon wieder in \u00fcberlegener Manier \u2013 n\u00e4mlich mit fast 50 se. Vorsprung! \u00dcberraschen konnte indes Florian Hirsch (Amateure), der als 8. \u00dcber die Ziellinie fuhr. Elias Farbmacher (ebenf. Amateure) wurde 24.<\/p>\n<p><strong><span style=\"text-decoration: underline;\">Rundstreckenrennen Knittelfeld<\/span><\/strong><\/p>\n<p>Heute am 22.5. fand dann noch ein Rundstreckenrennen statt. Ramona Grie\u00dfer (Md U17) musste dabei einen 7,4 km langen Rundkurs 4x bew\u00e4ltigen. Sie fuhr dabei wieder ein ausgezeichnetes Rennen und wurde zweite. Nur eine tschechische Fahrerin war diesmal schneller.<\/p>\n","protected":false},"excerpt":{"rendered":"<p>Kindbergrennen \u2013 zgl. \u00d6M-Berg Amateure-Master-U17-Junioren Gestern am 21.5. fand in Kindberg in der Stm die \u00d6M am Berg f\u00fcr die Nachwuchskategorien und Amateure statt. Der \u00d6AMTC RAIKA BKD ASV INZING war trotz krankheitsbedingter Abwesenheit von Felix R\u00fctzler (U17) mit 3 Fahrern am Start. F\u00fcr Ramona Grie\u00dfer war es ein 3km langes Bergzeitfahren (ohne \u00d6M-Wertung). Sie&hellip;&nbsp;<a href=\"https:\/\/rad.asvi.at\/?p=8082\" class=\"\" rel=\"bookmark\">Weiterlesen &raquo;<span class=\"screen-reader-text\">Wieder tolle Erfolge f\u00fcr Inzinger Radler!<\/span><\/a><\/p>\n","protected":false},"author":2,"featured_media":8092,"comment_status":"open","ping_status":"closed","sticky":false,"template":"","format":"standard","meta":{"neve_meta_sidebar":"","neve_meta_container":"","neve_meta_enable_content_width":"","neve_meta_content_width":0,"neve_meta_title_alignment":"","neve_meta_author_avatar":"","neve_post_elements_order":"","neve_meta_disable_header":"","neve_meta_disable_footer":"","neve_meta_disable_title":"","footnotes":""},"categories":[9,11],"tags":[],"class_list":["post-8082","post","type-post","status-publish","format-standard","has-post-thumbnail","hentry","category-allgemein","category-rennsport"],"featured_image_urls":{"full":"","thumbnail":"","medium":"","medium_large":"","large":"","xl":"","xxl":"","xxxl":"","xxxxl":"","xxxxxl":"","1536x1536":"","2048x2048":"","neve-blog":""},"post_excerpt_stackable":"<p>Kindbergrennen \u2013 zgl. \u00d6M-Berg Amateure-Master-U17-Junioren Gestern am 21.5. fand in Kindberg in der Stm die \u00d6M am Berg f\u00fcr die Nachwuchskategorien und Amateure statt. Der \u00d6AMTC RAIKA BKD ASV INZING war trotz krankheitsbedingter Abwesenheit von Felix R\u00fctzler (U17) mit 3 Fahrern am Start. F\u00fcr Ramona Grie\u00dfer war es ein 3km langes Bergzeitfahren (ohne \u00d6M-Wertung). Sie gewann schon wieder in \u00fcberlegener Manier \u2013 n\u00e4mlich mit fast 50 se. Vorsprung! \u00dcberraschen konnte indes Florian Hirsch (Amateure), der als 8. \u00dcber die Ziellinie fuhr. Elias Farbmacher (ebenf. Amateure) wurde 24. Rundstreckenrennen Knittelfeld Heute am 22.5. fand dann noch ein Rundstreckenrennen statt. Ramona Grie\u00dfer&hellip;<\/p>\n","category_list":"<a href=\"https:\/\/rad.asvi.at\/?cat=9\" rel=\"category\">Allgemein<\/a>, <a href=\"https:\/\/rad.asvi.at\/?cat=11\" rel=\"category\">Rennsport<\/a>","author_info":{"name":"Roman","url":"https:\/\/rad.asvi.at\/?author=2"},"comments_num":"0 comments","_links":{"self":[{"href":"https:\/\/rad.asvi.at\/index.php?rest_route=\/wp\/v2\/posts\/8082","targetHints":{"allow":["GET"]}}],"collection":[{"href":"https:\/\/rad.asvi.at\/index.php?rest_route=\/wp\/v2\/posts"}],"about":[{"href":"https:\/\/rad.asvi.at\/index.php?rest_route=\/wp\/v2\/types\/post"}],"author":[{"embeddable":true,"href":"https:\/\/rad.asvi.at\/index.php?rest_route=\/wp\/v2\/users\/2"}],"replies":[{"embeddable":true,"href":"https:\/\/rad.asvi.at\/index.php?rest_route=%2Fwp%2Fv2%2Fcomments&post=8082"}],"version-history":[{"count":0,"href":"https:\/\/rad.asvi.at\/index.php?rest_route=\/wp\/v2\/posts\/8082\/revisions"}],"wp:featuredmedia":[{"embeddable":true,"href":"https:\/\/rad.asvi.at\/index.php?rest_route=\/"}],"wp:attachment":[{"href":"https:\/\/rad.asvi.at\/index.php?rest_route=%2Fwp%2Fv2%2Fmedia&parent=8082"}],"wp:term":[{"taxonomy":"category","embeddable":true,"href":"https:\/\/rad.asvi.at\/index.php?rest_route=%2Fwp%2Fv2%2Fcategories&post=8082"},{"taxonomy":"post_tag","embeddable":true,"href":"https:\/\/rad.asvi.at\/index.php?rest_route=%2Fwp%2Fv2%2Ftags&post=8082"}],"curies":[{"name":"wp","href":"https:\/\/api.w.org\/{rel}","templated":true}]}}