{"id":8095,"date":"2022-05-29T21:29:36","date_gmt":"2022-05-29T19:29:36","guid":{"rendered":"http:\/\/www.radclub-inzing.at\/?p=8095"},"modified":"2022-05-29T21:29:36","modified_gmt":"2022-05-29T19:29:36","slug":"ramona-grieser-bei-ihrem-ersten-auslandseinsatz-in-italien","status":"publish","type":"post","link":"https:\/\/rad.asvi.at\/?p=8095","title":{"rendered":"Ramona Grie\u00dfer bei ihrem ersten Auslandseinsatz in Italien!"},"content":{"rendered":"<p>Am 29.5.2022 bestritt Ramona Grie\u00dfer (U17) ihr erstes Rennen im Ausland. In Friaul (Italien) fuhr sie gemeinsam mit Sophie Walcher ( ihrer gr\u00f6\u00dften nationalen Konkurrentin) und ca. 90 anderen M\u00e4dchen ein Rennen \u00fcber 47 km, 12 Runden, auf einem 4km flachen Rundkurs.<br \/>\nSie lie\u00df sich von dem gro\u00dfen Starterfeld nicht irritieren und fuhr immer im vorderen Drittel des Feldes. Da es sehr stark regnete, kam es in der 5. Runde zu einem Sturz, bei dem leider auch Ramonas Kollegin Sophie verwickelt war.<br \/>\nAb der H\u00e4lfte des Rennens wurde sehr viel attackiert, Ramona fuhr sehr aktiv und ging bei jeder Attacke mit, aber es kamen auf dem flachen Kurs nie Fahrerinnen weg.<br \/>\nSchlussendlich lief alles auf einen Massensprint hinaus, bei dem Ramona leider ein paar K\u00f6rner fehlten, wegen der vielen parierten Attacken. Nichts desto trotz kam sie auf den ausgezeichneten 11. Rang, mit dem sie bei diesem riesigen Starterfeld auch vollkommen zufrieden war!<\/p>\n","protected":false},"excerpt":{"rendered":"<p>Am 29.5.2022 bestritt Ramona Grie\u00dfer (U17) ihr erstes Rennen im Ausland. In Friaul (Italien) fuhr sie gemeinsam mit Sophie Walcher ( ihrer gr\u00f6\u00dften nationalen Konkurrentin) und ca. 90 anderen M\u00e4dchen ein Rennen \u00fcber 47 km, 12 Runden, auf einem 4km flachen Rundkurs. Sie lie\u00df sich von dem gro\u00dfen Starterfeld nicht irritieren und fuhr immer im&hellip;&nbsp;<a href=\"https:\/\/rad.asvi.at\/?p=8095\" class=\"\" rel=\"bookmark\">Weiterlesen &raquo;<span class=\"screen-reader-text\">Ramona Grie\u00dfer bei ihrem ersten Auslandseinsatz in Italien!<\/span><\/a><\/p>\n","protected":false},"author":2,"featured_media":8099,"comment_status":"open","ping_status":"closed","sticky":false,"template":"","format":"standard","meta":{"neve_meta_sidebar":"","neve_meta_container":"","neve_meta_enable_content_width":"","neve_meta_content_width":0,"neve_meta_title_alignment":"","neve_meta_author_avatar":"","neve_post_elements_order":"","neve_meta_disable_header":"","neve_meta_disable_footer":"","neve_meta_disable_title":"","footnotes":""},"categories":[9,11],"tags":[],"class_list":["post-8095","post","type-post","status-publish","format-standard","has-post-thumbnail","hentry","category-allgemein","category-rennsport"],"featured_image_urls":{"full":"","thumbnail":"","medium":"","medium_large":"","large":"","xl":"","xxl":"","xxxl":"","xxxxl":"","xxxxxl":"","1536x1536":"","2048x2048":"","neve-blog":""},"post_excerpt_stackable":"<p>Am 29.5.2022 bestritt Ramona Grie\u00dfer (U17) ihr erstes Rennen im Ausland. In Friaul (Italien) fuhr sie gemeinsam mit Sophie Walcher ( ihrer gr\u00f6\u00dften nationalen Konkurrentin) und ca. 90 anderen M\u00e4dchen ein Rennen \u00fcber 47 km, 12 Runden, auf einem 4km flachen Rundkurs. Sie lie\u00df sich von dem gro\u00dfen Starterfeld nicht irritieren und fuhr immer im vorderen Drittel des Feldes. Da es sehr stark regnete, kam es in der 5. Runde zu einem Sturz, bei dem leider auch Ramonas Kollegin Sophie verwickelt war. Ab der H\u00e4lfte des Rennens wurde sehr viel attackiert, Ramona fuhr sehr aktiv und ging bei jeder Attacke&hellip;<\/p>\n","category_list":"<a href=\"https:\/\/rad.asvi.at\/?cat=9\" rel=\"category\">Allgemein<\/a>, <a href=\"https:\/\/rad.asvi.at\/?cat=11\" rel=\"category\">Rennsport<\/a>","author_info":{"name":"Roman","url":"https:\/\/rad.asvi.at\/?author=2"},"comments_num":"0 comments","_links":{"self":[{"href":"https:\/\/rad.asvi.at\/index.php?rest_route=\/wp\/v2\/posts\/8095","targetHints":{"allow":["GET"]}}],"collection":[{"href":"https:\/\/rad.asvi.at\/index.php?rest_route=\/wp\/v2\/posts"}],"about":[{"href":"https:\/\/rad.asvi.at\/index.php?rest_route=\/wp\/v2\/types\/post"}],"author":[{"embeddable":true,"href":"https:\/\/rad.asvi.at\/index.php?rest_route=\/wp\/v2\/users\/2"}],"replies":[{"embeddable":true,"href":"https:\/\/rad.asvi.at\/index.php?rest_route=%2Fwp%2Fv2%2Fcomments&post=8095"}],"version-history":[{"count":0,"href":"https:\/\/rad.asvi.at\/index.php?rest_route=\/wp\/v2\/posts\/8095\/revisions"}],"wp:featuredmedia":[{"embeddable":true,"href":"https:\/\/rad.asvi.at\/index.php?rest_route=\/"}],"wp:attachment":[{"href":"https:\/\/rad.asvi.at\/index.php?rest_route=%2Fwp%2Fv2%2Fmedia&parent=8095"}],"wp:term":[{"taxonomy":"category","embeddable":true,"href":"https:\/\/rad.asvi.at\/index.php?rest_route=%2Fwp%2Fv2%2Fcategories&post=8095"},{"taxonomy":"post_tag","embeddable":true,"href":"https:\/\/rad.asvi.at\/index.php?rest_route=%2Fwp%2Fv2%2Ftags&post=8095"}],"curies":[{"name":"wp","href":"https:\/\/api.w.org\/{rel}","templated":true}]}}