{"id":8102,"date":"2022-05-29T21:26:41","date_gmt":"2022-05-29T19:26:41","guid":{"rendered":"http:\/\/www.radclub-inzing.at\/?p=8102"},"modified":"2022-05-29T21:26:41","modified_gmt":"2022-05-29T19:26:41","slug":"inzinger-siege-beim-gerlosbergrennen-tm","status":"publish","type":"post","link":"https:\/\/rad.asvi.at\/?p=8102","title":{"rendered":"Inzinger Siege beim Gerlosbergrennen (TM)"},"content":{"rendered":"<p>Am Sa 28.5. fand die Tiroler Bergmeisterschaft im Zillertal statt. Beim traditionellen Gerlosbergrennen fuhren die beiden Inzinger Ramona Grie\u00dfer und Felix R\u00fctzler (beide U17) einen ungef\u00e4hrdeten Start-Ziel-Sieg ein. Sie holten sich damit die Goldmedaille bei der diesj\u00e4hrigen TM am Berg!<\/p>\n","protected":false},"excerpt":{"rendered":"<p>Am Sa 28.5. fand die Tiroler Bergmeisterschaft im Zillertal statt. Beim traditionellen Gerlosbergrennen fuhren die beiden Inzinger Ramona Grie\u00dfer und Felix R\u00fctzler (beide U17) einen ungef\u00e4hrdeten Start-Ziel-Sieg ein. Sie holten sich damit die Goldmedaille bei der diesj\u00e4hrigen TM am Berg!<\/p>\n","protected":false},"author":2,"featured_media":8104,"comment_status":"open","ping_status":"closed","sticky":false,"template":"","format":"standard","meta":{"neve_meta_sidebar":"","neve_meta_container":"","neve_meta_enable_content_width":"","neve_meta_content_width":0,"neve_meta_title_alignment":"","neve_meta_author_avatar":"","neve_post_elements_order":"","neve_meta_disable_header":"","neve_meta_disable_footer":"","neve_meta_disable_title":"","footnotes":""},"categories":[9,11],"tags":[],"class_list":["post-8102","post","type-post","status-publish","format-standard","has-post-thumbnail","hentry","category-allgemein","category-rennsport"],"featured_image_urls":{"full":"","thumbnail":"","medium":"","medium_large":"","large":"","xl":"","xxl":"","xxxl":"","xxxxl":"","xxxxxl":"","1536x1536":"","2048x2048":"","neve-blog":""},"post_excerpt_stackable":"<p>Am Sa 28.5. fand die Tiroler Bergmeisterschaft im Zillertal statt. Beim traditionellen Gerlosbergrennen fuhren die beiden Inzinger Ramona Grie\u00dfer und Felix R\u00fctzler (beide U17) einen ungef\u00e4hrdeten Start-Ziel-Sieg ein. Sie holten sich damit die Goldmedaille bei der diesj\u00e4hrigen TM am Berg!<\/p>\n","category_list":"<a href=\"https:\/\/rad.asvi.at\/?cat=9\" rel=\"category\">Allgemein<\/a>, <a href=\"https:\/\/rad.asvi.at\/?cat=11\" rel=\"category\">Rennsport<\/a>","author_info":{"name":"Roman","url":"https:\/\/rad.asvi.at\/?author=2"},"comments_num":"0 comments","_links":{"self":[{"href":"https:\/\/rad.asvi.at\/index.php?rest_route=\/wp\/v2\/posts\/8102","targetHints":{"allow":["GET"]}}],"collection":[{"href":"https:\/\/rad.asvi.at\/index.php?rest_route=\/wp\/v2\/posts"}],"about":[{"href":"https:\/\/rad.asvi.at\/index.php?rest_route=\/wp\/v2\/types\/post"}],"author":[{"embeddable":true,"href":"https:\/\/rad.asvi.at\/index.php?rest_route=\/wp\/v2\/users\/2"}],"replies":[{"embeddable":true,"href":"https:\/\/rad.asvi.at\/index.php?rest_route=%2Fwp%2Fv2%2Fcomments&post=8102"}],"version-history":[{"count":0,"href":"https:\/\/rad.asvi.at\/index.php?rest_route=\/wp\/v2\/posts\/8102\/revisions"}],"wp:featuredmedia":[{"embeddable":true,"href":"https:\/\/rad.asvi.at\/index.php?rest_route=\/"}],"wp:attachment":[{"href":"https:\/\/rad.asvi.at\/index.php?rest_route=%2Fwp%2Fv2%2Fmedia&parent=8102"}],"wp:term":[{"taxonomy":"category","embeddable":true,"href":"https:\/\/rad.asvi.at\/index.php?rest_route=%2Fwp%2Fv2%2Fcategories&post=8102"},{"taxonomy":"post_tag","embeddable":true,"href":"https:\/\/rad.asvi.at\/index.php?rest_route=%2Fwp%2Fv2%2Ftags&post=8102"}],"curies":[{"name":"wp","href":"https:\/\/api.w.org\/{rel}","templated":true}]}}