{"id":8111,"date":"2022-06-07T13:27:25","date_gmt":"2022-06-07T11:27:25","guid":{"rendered":"http:\/\/www.radclub-inzing.at\/?p=8111"},"modified":"2022-06-07T13:27:25","modified_gmt":"2022-06-07T11:27:25","slug":"gold-und-silbermedaillen-fur-inzings-radnachwuchs","status":"publish","type":"post","link":"https:\/\/rad.asvi.at\/?p=8111","title":{"rendered":"Gold- und Silbermedaillen f\u00fcr Inzings Radnachwuchs"},"content":{"rendered":"<p>Im Gro\u00dfraum Wien fanden \u00fcber das verl\u00e4ngerte Pfingstwochenende die diesj\u00e4hrigen \u00d6M Kriterium und Stra\u00dfe statt. Am Sonntag im ARB\u00d6-Fahrsicherheitszentrum Wien-Schillingstra\u00dfe das Kriterium auf einem 700m langen flachen Rundkurs und am Pfingstmontag in <strong>Statzendorf<\/strong> das Stra\u00dfenrennen auf einer 7,5km langen Runde mit jeweils 150 Hm.<\/p>\n<p><strong><em>Ramona Grie\u00dfer<\/em><\/strong> (Md U17) und <strong><em>Felix R\u00fctzler<\/em><\/strong> (U17) vom <strong>\u00d6AMTC RAIKA BKD ASV INZING<\/strong> geh\u00f6rten bei beiden Rennen mit zu den Favoriten. Beim Kriterium am Sonntag sah bis zur letzten Wertungsrunde alles nach einem Sieg von Ramona aus, da sie bis dahin einen Punkt vor Sophie Walcher lag, der st\u00e4rksten Konkurrentin im Sprint. Bei der letzten Wertungsrunde gibt es allerdings immer doppelte Punkte und so war klar, falls es einer der beiden Fahrerinnen noch einmal gelinge sollte am Ende zu punkten, st\u00fcnde die \u00d6sterreichische Meisterin fest. Da Sophie Walcher auf \u201eMannschaftskollegen\u201c setzen konnte und Ramona Grie\u00dfer auf sich alleine gestellt war, gelang es Sophie tats\u00e4chlich \u201eden Spie\u00df noch umzudrehen\u201c und bei der Zieldurchfahrt die wertvollen Punkte einzufahren. Ramona freute sich aber auch mit der <strong>Silber-Medaille<\/strong> und g\u00f6nnte Sophie (mit der sie ja auch befreundet ist) den Titel, zumal dieser auch das Erreichen des B-Limits f\u00fcr die Teilnahme bei den EYOF 2022 (Europ\u00e4ische Jugendspiele) in der Slowakei bedeutete, das Ramona durch ihre vielen Erfolge ja l\u00e4ngst eingefahren hatte.<\/p>\n<p><strong><em>Felix R\u00fctzler<\/em><\/strong> kam beim Kriterium nicht so richtig in Schwung und er konnte bis auf ein einziges Mal immer knapp nicht punkten. Leider vers\u00e4umte er auch die \u201erichtige\u201c Post, als Manolo Wrolich fr\u00fch im Rennen solo wegfuhr und sich dann eine Wertung nach der anderen sicherte. Felix kam trotzdem noch auf den <strong>6. Platz<\/strong> \u2013 war damit aber eigentlich nicht zufrieden. In R\u00fccksprache mit seinen Betreuern f\u00fchrte man das Ergebnis doch auf die -nach wiederholten Erk\u00e4ltungskrankheiten- noch nicht ganz 100%-igen Form zur\u00fcck und nahm den Druck f\u00fcr das noch wichtigere Rennen am n\u00e4chsten Tag so weit wie m\u00f6glich heraus und das sollte sich bezahlt machen!<\/p>\n<p>Bei der <strong>\u00d6M auf der Stra\u00dfe in Statzendorf<\/strong> mussten die Buben U17\u00a0 den 7,5 km langen Rundkurs 8 Mal bew\u00e4ltigen. Der Kurs war nicht nur wegen der H\u00f6henmeter ziemlich anspruchsvoll, auch der starke Wind machte es den Rennfahrern sehr schwer. Es wurde auf dem langen Anstieg eigentlich in jeder Runde attackiert und so entwickelte sich ein regelrechtes Ausscheidungsrennen, da in jeder Runde Fahrer zur\u00fcckvielen. Felix hielt sich immer ganz an der Spitze auf und parierte zahlreiche Angriffe. Vor der letzten Runde konnte er sich beim Zielanstieg sogar mit einem Fahrer leicht absetzen und eine halbe Runde vorne bleiben bis beim langen Anstieg die Verfolger wieder herankamen. Diese Spitzengruppe war allerdings bereits auf 8 Fahrer dezimiert. Im Zielsprint bei der letzten Kurve konnte sich Felix hervorragend positionieren und den ausgezeichneten 2. Platz einfahren! Damit wurde er <strong>\u00d6sterreichischer Vizemeister<\/strong> auf der Stra\u00dfe!<\/p>\n<p>Die M\u00e4dchen U17 mussten ja wieder mit den Buben U15 starten und 6 Runden bew\u00e4ltigen. Auch da entwickelte sich bereits nach der ersten Runde ein Ausscheidungsrennen und das anf\u00e4ngliche Hauptfeld wurde in mehrere kleine Gruppen zerrissen. Ramona hielt sich, wie erwartet, am l\u00e4ngsten im vorderen Drittel der Bubengruppen. Gemeinsam mit 2 Burschen fuhr sie Runde um Runde einen noch gr\u00f6\u00dferen Vorsprung auf ihre erste Verfolgerin (Sophie Walcher) heraus. Im Ziel war der Vorsprung dann auf 2 Minuten angewachsen. <strong><em>Ramona Grie\u00dfer<\/em><\/strong> verteidigte damit ihren <strong>Titel<\/strong> vom Vorjahr souver\u00e4n!<\/p>\n<p>&nbsp;<\/p>\n","protected":false},"excerpt":{"rendered":"<p>Im Gro\u00dfraum Wien fanden \u00fcber das verl\u00e4ngerte Pfingstwochenende die diesj\u00e4hrigen \u00d6M Kriterium und Stra\u00dfe statt. Am Sonntag im ARB\u00d6-Fahrsicherheitszentrum Wien-Schillingstra\u00dfe das Kriterium auf einem 700m langen flachen Rundkurs und am Pfingstmontag in Statzendorf das Stra\u00dfenrennen auf einer 7,5km langen Runde mit jeweils 150 Hm. Ramona Grie\u00dfer (Md U17) und Felix R\u00fctzler (U17) vom \u00d6AMTC RAIKA&hellip;&nbsp;<a href=\"https:\/\/rad.asvi.at\/?p=8111\" class=\"\" rel=\"bookmark\">Weiterlesen &raquo;<span class=\"screen-reader-text\">Gold- und Silbermedaillen f\u00fcr Inzings Radnachwuchs<\/span><\/a><\/p>\n","protected":false},"author":2,"featured_media":8124,"comment_status":"open","ping_status":"closed","sticky":false,"template":"","format":"standard","meta":{"neve_meta_sidebar":"","neve_meta_container":"","neve_meta_enable_content_width":"","neve_meta_content_width":0,"neve_meta_title_alignment":"","neve_meta_author_avatar":"","neve_post_elements_order":"","neve_meta_disable_header":"","neve_meta_disable_footer":"","neve_meta_disable_title":"","footnotes":""},"categories":[9,11],"tags":[],"class_list":["post-8111","post","type-post","status-publish","format-standard","has-post-thumbnail","hentry","category-allgemein","category-rennsport"],"featured_image_urls":{"full":"","thumbnail":"","medium":"","medium_large":"","large":"","xl":"","xxl":"","xxxl":"","xxxxl":"","xxxxxl":"","1536x1536":"","2048x2048":"","neve-blog":""},"post_excerpt_stackable":"<p>Im Gro\u00dfraum Wien fanden \u00fcber das verl\u00e4ngerte Pfingstwochenende die diesj\u00e4hrigen \u00d6M Kriterium und Stra\u00dfe statt. Am Sonntag im ARB\u00d6-Fahrsicherheitszentrum Wien-Schillingstra\u00dfe das Kriterium auf einem 700m langen flachen Rundkurs und am Pfingstmontag in Statzendorf das Stra\u00dfenrennen auf einer 7,5km langen Runde mit jeweils 150 Hm. Ramona Grie\u00dfer (Md U17) und Felix R\u00fctzler (U17) vom \u00d6AMTC RAIKA BKD ASV INZING geh\u00f6rten bei beiden Rennen mit zu den Favoriten. Beim Kriterium am Sonntag sah bis zur letzten Wertungsrunde alles nach einem Sieg von Ramona aus, da sie bis dahin einen Punkt vor Sophie Walcher lag, der st\u00e4rksten Konkurrentin im Sprint. Bei der letzten&hellip;<\/p>\n","category_list":"<a href=\"https:\/\/rad.asvi.at\/?cat=9\" rel=\"category\">Allgemein<\/a>, <a href=\"https:\/\/rad.asvi.at\/?cat=11\" rel=\"category\">Rennsport<\/a>","author_info":{"name":"Roman","url":"https:\/\/rad.asvi.at\/?author=2"},"comments_num":"0 comments","_links":{"self":[{"href":"https:\/\/rad.asvi.at\/index.php?rest_route=\/wp\/v2\/posts\/8111","targetHints":{"allow":["GET"]}}],"collection":[{"href":"https:\/\/rad.asvi.at\/index.php?rest_route=\/wp\/v2\/posts"}],"about":[{"href":"https:\/\/rad.asvi.at\/index.php?rest_route=\/wp\/v2\/types\/post"}],"author":[{"embeddable":true,"href":"https:\/\/rad.asvi.at\/index.php?rest_route=\/wp\/v2\/users\/2"}],"replies":[{"embeddable":true,"href":"https:\/\/rad.asvi.at\/index.php?rest_route=%2Fwp%2Fv2%2Fcomments&post=8111"}],"version-history":[{"count":0,"href":"https:\/\/rad.asvi.at\/index.php?rest_route=\/wp\/v2\/posts\/8111\/revisions"}],"wp:featuredmedia":[{"embeddable":true,"href":"https:\/\/rad.asvi.at\/index.php?rest_route=\/"}],"wp:attachment":[{"href":"https:\/\/rad.asvi.at\/index.php?rest_route=%2Fwp%2Fv2%2Fmedia&parent=8111"}],"wp:term":[{"taxonomy":"category","embeddable":true,"href":"https:\/\/rad.asvi.at\/index.php?rest_route=%2Fwp%2Fv2%2Fcategories&post=8111"},{"taxonomy":"post_tag","embeddable":true,"href":"https:\/\/rad.asvi.at\/index.php?rest_route=%2Fwp%2Fv2%2Ftags&post=8111"}],"curies":[{"name":"wp","href":"https:\/\/api.w.org\/{rel}","templated":true}]}}