{"id":8286,"date":"2023-04-24T11:29:19","date_gmt":"2023-04-24T11:29:19","guid":{"rendered":"https:\/\/rad.asvi.at\/?p=8286"},"modified":"2023-04-24T11:29:20","modified_gmt":"2023-04-24T11:29:20","slug":"ramona-griesser-in-walding-ooe-und-bovolone-it-im-renneinsatz","status":"publish","type":"post","link":"https:\/\/rad.asvi.at\/?p=8286","title":{"rendered":"Ramona Grie\u00dfer in Walding (O\u00d6) und Bovolone (IT) im Renneinsatz"},"content":{"rendered":"\n<p><strong><u>Walding-O\u00d6-22.4.23\/Bovolone-IT-23.4.23<\/u><\/strong><\/p>\n\n\n\n<p>Am Samstag 22.4.23 fand in Walding(O\u00d6) ein flaches Rundstreckenrennen statt. Ramona Grie\u00dfer (RC-RAIKA-BKD-ASV-INZING) hatte gemeinsam mit den U15 Jungs 10 Runden und somit 32km zu fahren.<br>Es wurde zwar durchgehend attackiert, aber da der Kurs komplett flach war, blieb das Feld zusammen. In der letzten Runde wurde nochmals ordentlich Gas gegeben und Ramona versuchte ganz vorne zu bleiben, um auf den letzten 1.5km einen kleinen Vorsprung auf die n\u00e4chsten M\u00e4dchen herauszufahren, was ihr aber leider nicht gelang. Im Sprint fehlten ihr dann genau diese \u201eK\u00f6rner\u201c, die sie kurz davor investiert hat. Trotzdem kam sie noch auf den 4. Platz der M\u00e4dchen U17.\ud83d\udeb4\ud83c\udffb\u200d\u2640\ufe0f<\/p>\n\n\n\n<p>Am Sonntag startete Ramona dann in Bovolone (IT) in ein 49km langes ebenfalls wieder flaches Rennen auf einem 3,2km langen Rundkurs, der 15 mal zu bew\u00e4ltigen war. Bl\u00f6derweise verspasste sie die entscheidende Attacke, die schon in der zweiten Runde erfolgte. Ramona versuchte zwar immer wieder alleine auf die 12-k\u00f6pfige Spitzengruppe aufzuschlie\u00dfen, diese hatte aber sehr bald \u00fcber zwei Minuten Vorsprung, weil alle gro\u00dfen italienischen Teams das Tempo im Feld abgestellt hatten. Am Ende war das Feld 4 Minuten hinter der Spitzte und Ramona etwas entt\u00e4uscht, da sie ganz fr\u00fch schon den Anschluss an die Spitze fast geschafft h\u00e4tte. Zu mindestens konnte sie wieder wertvolle Erfahrungen in einem 72 M\u00e4dchen gro\u00dfen Starterfeld sammeln.\ud83d\udeb4\ud83c\udffb\u200d\u2640\ufe0f<\/p>\n","protected":false},"excerpt":{"rendered":"<p>Walding-O\u00d6-22.4.23\/Bovolone-IT-23.4.23 Am Samstag 22.4.23 fand in Walding(O\u00d6) ein flaches Rundstreckenrennen statt. Ramona Grie\u00dfer (RC-RAIKA-BKD-ASV-INZING) hatte gemeinsam mit den U15 Jungs 10 Runden und somit 32km zu fahren.Es wurde zwar durchgehend attackiert, aber da der Kurs komplett flach war, blieb das Feld zusammen. In der letzten Runde wurde nochmals ordentlich Gas gegeben und Ramona versuchte ganz&hellip;&nbsp;<a href=\"https:\/\/rad.asvi.at\/?p=8286\" class=\"\" rel=\"bookmark\">Weiterlesen &raquo;<span class=\"screen-reader-text\">Ramona Grie\u00dfer in Walding (O\u00d6) und Bovolone (IT) im Renneinsatz<\/span><\/a><\/p>\n","protected":false},"author":2,"featured_media":8287,"comment_status":"closed","ping_status":"closed","sticky":false,"template":"","format":"standard","meta":{"neve_meta_sidebar":"","neve_meta_container":"","neve_meta_enable_content_width":"","neve_meta_content_width":0,"neve_meta_title_alignment":"","neve_meta_author_avatar":"","neve_post_elements_order":"","neve_meta_disable_header":"","neve_meta_disable_footer":"","neve_meta_disable_title":"","footnotes":""},"categories":[9,11],"tags":[],"class_list":["post-8286","post","type-post","status-publish","format-standard","has-post-thumbnail","hentry","category-allgemein","category-rennsport"],"featured_image_urls":{"full":["https:\/\/rad.asvi.at\/wp-content\/uploads\/2023\/04\/20230423_151543-scaled.jpg",2560,1920,false],"thumbnail":["https:\/\/rad.asvi.at\/wp-content\/uploads\/2023\/04\/20230423_151543-150x150.jpg",150,150,true],"medium":["https:\/\/rad.asvi.at\/wp-content\/uploads\/2023\/04\/20230423_151543-300x225.jpg",300,225,true],"medium_large":["https:\/\/rad.asvi.at\/wp-content\/uploads\/2023\/04\/20230423_151543-768x576.jpg",768,576,true],"large":["https:\/\/rad.asvi.at\/wp-content\/uploads\/2023\/04\/20230423_151543-1024x768.jpg",1024,768,true],"xl":["https:\/\/rad.asvi.at\/wp-content\/uploads\/2023\/04\/20230423_151543-1600x1200.jpg",1600,1200,true],"xxl":["https:\/\/rad.asvi.at\/wp-content\/uploads\/2023\/04\/20230423_151543-2200x1650.jpg",2200,1650,true],"xxxl":["https:\/\/rad.asvi.at\/wp-content\/uploads\/2023\/04\/20230423_151543-2800x2100.jpg",2800,2100,true],"xxxxl":["https:\/\/rad.asvi.at\/wp-content\/uploads\/2023\/04\/20230423_151543-3400x2550.jpg",3400,2550,true],"xxxxxl":["https:\/\/rad.asvi.at\/wp-content\/uploads\/2023\/04\/20230423_151543-4000x3000.jpg",4000,3000,true],"1536x1536":["https:\/\/rad.asvi.at\/wp-content\/uploads\/2023\/04\/20230423_151543-1536x1152.jpg",1536,1152,true],"2048x2048":["https:\/\/rad.asvi.at\/wp-content\/uploads\/2023\/04\/20230423_151543-2048x1536.jpg",2048,1536,true],"neve-blog":["https:\/\/rad.asvi.at\/wp-content\/uploads\/2023\/04\/20230423_151543-930x620.jpg",930,620,true]},"post_excerpt_stackable":"<p>Walding-O\u00d6-22.4.23\/Bovolone-IT-23.4.23 Am Samstag 22.4.23 fand in Walding(O\u00d6) ein flaches Rundstreckenrennen statt. Ramona Grie\u00dfer (RC-RAIKA-BKD-ASV-INZING) hatte gemeinsam mit den U15 Jungs 10 Runden und somit 32km zu fahren.Es wurde zwar durchgehend attackiert, aber da der Kurs komplett flach war, blieb das Feld zusammen. In der letzten Runde wurde nochmals ordentlich Gas gegeben und Ramona versuchte ganz vorne zu bleiben, um auf den letzten 1.5km einen kleinen Vorsprung auf die n\u00e4chsten M\u00e4dchen herauszufahren, was ihr aber leider nicht gelang. Im Sprint fehlten ihr dann genau diese \u201eK\u00f6rner\u201c, die sie kurz davor investiert hat. Trotzdem kam sie noch auf den 4. Platz der&hellip;<\/p>\n","category_list":"<a href=\"https:\/\/rad.asvi.at\/?cat=9\" rel=\"category\">Allgemein<\/a>, <a href=\"https:\/\/rad.asvi.at\/?cat=11\" rel=\"category\">Rennsport<\/a>","author_info":{"name":"Roman","url":"https:\/\/rad.asvi.at\/?author=2"},"comments_num":"0 comments","_links":{"self":[{"href":"https:\/\/rad.asvi.at\/index.php?rest_route=\/wp\/v2\/posts\/8286","targetHints":{"allow":["GET"]}}],"collection":[{"href":"https:\/\/rad.asvi.at\/index.php?rest_route=\/wp\/v2\/posts"}],"about":[{"href":"https:\/\/rad.asvi.at\/index.php?rest_route=\/wp\/v2\/types\/post"}],"author":[{"embeddable":true,"href":"https:\/\/rad.asvi.at\/index.php?rest_route=\/wp\/v2\/users\/2"}],"replies":[{"embeddable":true,"href":"https:\/\/rad.asvi.at\/index.php?rest_route=%2Fwp%2Fv2%2Fcomments&post=8286"}],"version-history":[{"count":1,"href":"https:\/\/rad.asvi.at\/index.php?rest_route=\/wp\/v2\/posts\/8286\/revisions"}],"predecessor-version":[{"id":8294,"href":"https:\/\/rad.asvi.at\/index.php?rest_route=\/wp\/v2\/posts\/8286\/revisions\/8294"}],"wp:featuredmedia":[{"embeddable":true,"href":"https:\/\/rad.asvi.at\/index.php?rest_route=\/wp\/v2\/media\/8287"}],"wp:attachment":[{"href":"https:\/\/rad.asvi.at\/index.php?rest_route=%2Fwp%2Fv2%2Fmedia&parent=8286"}],"wp:term":[{"taxonomy":"category","embeddable":true,"href":"https:\/\/rad.asvi.at\/index.php?rest_route=%2Fwp%2Fv2%2Fcategories&post=8286"},{"taxonomy":"post_tag","embeddable":true,"href":"https:\/\/rad.asvi.at\/index.php?rest_route=%2Fwp%2Fv2%2Ftags&post=8286"}],"curies":[{"name":"wp","href":"https:\/\/api.w.org\/{rel}","templated":true}]}}