{"id":8673,"date":"2024-09-18T19:39:20","date_gmt":"2024-09-18T19:39:20","guid":{"rendered":"https:\/\/rad.asvi.at\/?p=8673"},"modified":"2024-09-18T19:39:21","modified_gmt":"2024-09-18T19:39:21","slug":"sturzpech-fuer-ramona-griesser-bei-der-strassen-em-in-limburg","status":"publish","type":"post","link":"https:\/\/rad.asvi.at\/?p=8673","title":{"rendered":"Sturzpech f\u00fcr Ramona Grie\u00dfer bei der Stra\u00dfen-EM in Limburg"},"content":{"rendered":"\n<p>F\u00fcr die \u00f6sterreichischen Juniorinnen verlief das Stra\u00dfenrennen der Europameisterschaft in Limburg (Belgien) ereignisreich, jedoch mit gemischten Gef\u00fchlen. W\u00e4hrend die Steirerin Sophie Walcher im Schlusssprint auf einen starken 16. Platz fuhr, hatte ihre Teamkollegin Ramona Grie\u00dfer weniger Gl\u00fcck.<br><br>Knapp 200 Meter vor der Ziellinie kam es zu einem Massensturz, in den auch Grie\u00dfer verwickelt wurde. \u201eEs ging so schnell, pl\u00f6tzlich war die ganze Stra\u00dfe voller Athletinnen und ich flog dar\u00fcber\u201c, schilderte sie nach dem Rennen. Ihr Rad wurde dabei schwer besch\u00e4digt, doch abgesehen von ein paar Absch\u00fcrfungen blieb Grie\u00dfer unverletzt. Trotz des Unfalls beendete sie das Rennen zu Fu\u00df und belegte den 63. Platz.<br><br>Walcher hingegen entkam dem Chaos knapp: \u201eIch habe noch gemerkt, wie pl\u00f6tzlich alles am St\u00fcrzen war und bekam auch einen Schlag ab, der mich aus dem Rhythmus brachte, aber zumindest kam ich unbeschadet davon\u201c, erkl\u00e4rte sie.<br><br>Trotz der schwierigen Umst\u00e4nde zeigten die Juniorinnen gro\u00dfen Einsatz bei der Europameisterschaft, auch wenn das Gl\u00fcck an diesem Tag nicht auf der Seite von Ramona Grie\u00dfer war.<\/p>\n\n\n\n<p>Am Donnerstag 26.09. wird Ramona Grie\u00dfer dann als einzige \u00f6sterreichische Juniorin (!) die Weltmeisterschaften in Z\u00fcrich (Stra\u00dfe) in Angriff nehmen. Dieser Kurs (mit einigen H\u00f6henmetern) sollte ihr dann auch viel besser liegen. Ramona laboriert zwar noch an den Folgen ihres Sturzes bei der EM, ist aber zuversichtlich f\u00fcr ihr WM-Deb\u00fct!<\/p>\n\n\n\n<p><\/p>\n","protected":false},"excerpt":{"rendered":"<p>F\u00fcr die \u00f6sterreichischen Juniorinnen verlief das Stra\u00dfenrennen der Europameisterschaft in Limburg (Belgien) ereignisreich, jedoch mit gemischten Gef\u00fchlen. W\u00e4hrend die Steirerin Sophie Walcher im Schlusssprint auf einen starken 16. Platz fuhr, hatte ihre Teamkollegin Ramona Grie\u00dfer weniger Gl\u00fcck. Knapp 200 Meter vor der Ziellinie kam es zu einem Massensturz, in den auch Grie\u00dfer verwickelt wurde. \u201eEs&hellip;&nbsp;<a href=\"https:\/\/rad.asvi.at\/?p=8673\" class=\"\" rel=\"bookmark\">Weiterlesen &raquo;<span class=\"screen-reader-text\">Sturzpech f\u00fcr Ramona Grie\u00dfer bei der Stra\u00dfen-EM in Limburg<\/span><\/a><\/p>\n","protected":false},"author":2,"featured_media":8610,"comment_status":"closed","ping_status":"closed","sticky":false,"template":"","format":"standard","meta":{"neve_meta_sidebar":"","neve_meta_container":"","neve_meta_enable_content_width":"","neve_meta_content_width":0,"neve_meta_title_alignment":"","neve_meta_author_avatar":"","neve_post_elements_order":"","neve_meta_disable_header":"","neve_meta_disable_footer":"","neve_meta_disable_title":"","footnotes":""},"categories":[9,11],"tags":[],"class_list":["post-8673","post","type-post","status-publish","format-standard","has-post-thumbnail","hentry","category-allgemein","category-rennsport"],"featured_image_urls":{"full":["https:\/\/rad.asvi.at\/wp-content\/uploads\/2024\/06\/IMG-20240531-WA0004-e1726688331943.jpg",1109,1536,false],"thumbnail":["https:\/\/rad.asvi.at\/wp-content\/uploads\/2024\/06\/IMG-20240531-WA0004-e1726688331943-150x150.jpg",150,150,true],"medium":["https:\/\/rad.asvi.at\/wp-content\/uploads\/2024\/06\/IMG-20240531-WA0004-e1726688331943-217x300.jpg",217,300,true],"medium_large":["https:\/\/rad.asvi.at\/wp-content\/uploads\/2024\/06\/IMG-20240531-WA0004-e1726688331943-768x1064.jpg",768,1064,true],"large":["https:\/\/rad.asvi.at\/wp-content\/uploads\/2024\/06\/IMG-20240531-WA0004-e1726688331943-739x1024.jpg",739,1024,true],"xl":["https:\/\/rad.asvi.at\/wp-content\/uploads\/2024\/06\/IMG-20240531-WA0004-1600x1200.jpg",1600,1200,true],"xxl":["https:\/\/rad.asvi.at\/wp-content\/uploads\/2024\/06\/IMG-20240531-WA0004-e1726688331943.jpg",1109,1536,false],"xxxl":["https:\/\/rad.asvi.at\/wp-content\/uploads\/2024\/06\/IMG-20240531-WA0004-e1726688331943.jpg",1109,1536,false],"xxxxl":["https:\/\/rad.asvi.at\/wp-content\/uploads\/2024\/06\/IMG-20240531-WA0004-e1726688331943.jpg",1109,1536,false],"xxxxxl":["https:\/\/rad.asvi.at\/wp-content\/uploads\/2024\/06\/IMG-20240531-WA0004-e1726688331943.jpg",1109,1536,false],"1536x1536":["https:\/\/rad.asvi.at\/wp-content\/uploads\/2024\/06\/IMG-20240531-WA0004-1536x1152.jpg",1536,1152,true],"2048x2048":["https:\/\/rad.asvi.at\/wp-content\/uploads\/2024\/06\/IMG-20240531-WA0004-e1726688331943.jpg",1109,1536,false],"neve-blog":["https:\/\/rad.asvi.at\/wp-content\/uploads\/2024\/06\/IMG-20240531-WA0004-e1726688331943-930x620.jpg",930,620,true]},"post_excerpt_stackable":"<p>F\u00fcr die \u00f6sterreichischen Juniorinnen verlief das Stra\u00dfenrennen der Europameisterschaft in Limburg (Belgien) ereignisreich, jedoch mit gemischten Gef\u00fchlen. W\u00e4hrend die Steirerin Sophie Walcher im Schlusssprint auf einen starken 16. Platz fuhr, hatte ihre Teamkollegin Ramona Grie\u00dfer weniger Gl\u00fcck.Knapp 200 Meter vor der Ziellinie kam es zu einem Massensturz, in den auch Grie\u00dfer verwickelt wurde. \u201eEs ging so schnell, pl\u00f6tzlich war die ganze Stra\u00dfe voller Athletinnen und ich flog dar\u00fcber\u201c, schilderte sie nach dem Rennen. Ihr Rad wurde dabei schwer besch\u00e4digt, doch abgesehen von ein paar Absch\u00fcrfungen blieb Grie\u00dfer unverletzt. Trotz des Unfalls beendete sie das Rennen zu Fu\u00df und belegte den&hellip;<\/p>\n","category_list":"<a href=\"https:\/\/rad.asvi.at\/?cat=9\" rel=\"category\">Allgemein<\/a>, <a href=\"https:\/\/rad.asvi.at\/?cat=11\" rel=\"category\">Rennsport<\/a>","author_info":{"name":"Roman","url":"https:\/\/rad.asvi.at\/?author=2"},"comments_num":"0 comments","_links":{"self":[{"href":"https:\/\/rad.asvi.at\/index.php?rest_route=\/wp\/v2\/posts\/8673","targetHints":{"allow":["GET"]}}],"collection":[{"href":"https:\/\/rad.asvi.at\/index.php?rest_route=\/wp\/v2\/posts"}],"about":[{"href":"https:\/\/rad.asvi.at\/index.php?rest_route=\/wp\/v2\/types\/post"}],"author":[{"embeddable":true,"href":"https:\/\/rad.asvi.at\/index.php?rest_route=\/wp\/v2\/users\/2"}],"replies":[{"embeddable":true,"href":"https:\/\/rad.asvi.at\/index.php?rest_route=%2Fwp%2Fv2%2Fcomments&post=8673"}],"version-history":[{"count":1,"href":"https:\/\/rad.asvi.at\/index.php?rest_route=\/wp\/v2\/posts\/8673\/revisions"}],"predecessor-version":[{"id":8674,"href":"https:\/\/rad.asvi.at\/index.php?rest_route=\/wp\/v2\/posts\/8673\/revisions\/8674"}],"wp:featuredmedia":[{"embeddable":true,"href":"https:\/\/rad.asvi.at\/index.php?rest_route=\/wp\/v2\/media\/8610"}],"wp:attachment":[{"href":"https:\/\/rad.asvi.at\/index.php?rest_route=%2Fwp%2Fv2%2Fmedia&parent=8673"}],"wp:term":[{"taxonomy":"category","embeddable":true,"href":"https:\/\/rad.asvi.at\/index.php?rest_route=%2Fwp%2Fv2%2Fcategories&post=8673"},{"taxonomy":"post_tag","embeddable":true,"href":"https:\/\/rad.asvi.at\/index.php?rest_route=%2Fwp%2Fv2%2Ftags&post=8673"}],"curies":[{"name":"wp","href":"https:\/\/api.w.org\/{rel}","templated":true}]}}