{"id":8808,"date":"2025-07-06T17:26:54","date_gmt":"2025-07-06T17:26:54","guid":{"rendered":"https:\/\/rad.asvi.at\/?p=8808"},"modified":"2025-07-06T17:26:55","modified_gmt":"2025-07-06T17:26:55","slug":"oem-kriterium-und-bundesligarennen","status":"publish","type":"post","link":"https:\/\/rad.asvi.at\/?p=8808","title":{"rendered":"\u00d6M-Kriterium und Bundesligarennen"},"content":{"rendered":"\n<p>\u00d6M Kriterium \u2013 5. Juli 2025, Horitschon (Burgenland)<\/p>\n\n\n\n<p>Die Juniorinnen gingen gemeinsam mit den U17-Jungs auf die technisch anspruchsvolle Kriteriumsstrecke mit einer ansteigenden Zielgeraden. 27 Runden \u00e0 1,1 km standen am Plan, mit Wertungen alle drei Runden \u2013 f\u00fcr die M\u00e4dchen jedoch chancenlos, da die Jungs von Beginn an ein hohes Tempo vorgaben.<\/p>\n\n\n\n<p>Ramona startete gut, musste aber fr\u00fch abrei\u00dfen lassen und verlor den Anschluss an die drei f\u00fchrenden Juniorinnen. Der R\u00fcckstand wuchs schnell auf eine Minute und blieb konstant, doch ohne starke Unterst\u00fctzung in ihrer Gruppe war das Loch nicht zu schlie\u00dfen. Sie beendete das Rennen auf Rang vier.<\/p>\n\n\n\n<p>U23 4-L\u00e4nder-Meisterschaft \u2013 6. Juli 2025, Hollenstein an der Ybbs<\/p>\n\n\n\n<p>Als Bundesliga-Rennen waren auch Juniorinnen startberechtigt \u2013 neben Ramona trat nur eine weitere Juniorin an. Die Strecke: 94 anspruchsvolle Kilometer mit drei Runden auf einem Rundkurs und einem finalen steilen Anstieg \u00fcber 2,7 km, bekannt aus der Staatsmeisterschaft 2023.<\/p>\n\n\n\n<p>Ramona zeigte sich stark: Nach dem ersten Anstieg befand sie sich in der Verfolgergruppe und konnte zun\u00e4chst wieder aufschlie\u00dfen. In der zweiten Runde verpasste sie knapp den Anschluss und k\u00e4mpfte lange alleine, bis von hinten wieder Fahrerinnen aufschlossen. Kurz vor dem letzten Berg war sie zur\u00fcck im Feld, doch der Schlussanstieg kostete nochmals Kraft. Gemeinsam mit einer weiteren Fahrerin meisterte sie den finalen Abschnitt und erreichte als 41. das Ziel<\/p>\n\n\n<div id=\"gutenslider-0018hdtu2\" class=\"wp-block-eedee-block-gutenslider content-change alignnone arrow-style-1 arrow-position-sides arrow-mb-none arrows-lg arrows-md arrows-sm dot-style-1 dots-lg dots-md dots-sm dot-position-bottom is-position-center-center mb-none\" style=\"--gutenslider-min-height: 50vh;--gutenslider-arrow-size: 30px;--gutenslider-dot-size: 25px;--gutenslider-arrow-color: #ffffff;--gutenslider-dot-color: #ffffff;--gutenslider-padding-y-mobile: 40px;--gutenslider-padding-x-mobile: 40px;--gutenslider-padding-y-tablet: 40px;--gutenslider-padding-x-tablet: 40px;--gutenslider-padding-y-desktop: 40px;--gutenslider-padding-x-desktop: 40px;--gutenslider-bg-image: url();--gutenslider-min-height-md: 50vh;--gutenslider-min-height-sm: 50vh;--gutenslider-padding-x: 40px;--gutenslider-padding-x-md: 40px;--gutenslider-padding-x-sm: 20px;--gutenslider-padding-y: 40px;--gutenslider-padding-y-md: 40px;--gutenslider-padding-y-sm: 20px;--gutenslider-arrow-size-md: 30px;--gutenslider-arrow-size-sm: 30px;--gutenslider-dot-size-md: 25px;--gutenslider-dot-size-sm: 25px;--gutenslider-arrow-bg-color: transparent;--gutenslider-arrow-hover-color: #eeeeee;--gutenslider-arrow-bg-hover-color: transparent;--gutenslider-arrow-x-offset: 10px;--gutenslider-arrow-x-offset-md: 10px;--gutenslider-arrow-x-offset-sm: 10px;--gutenslider-arrow-y-offset: 0px;--gutenslider-arrow-y-offset-md: 0px;--gutenslider-arrow-y-offset-sm: 0px;--gutenslider-arrow-x-spacing: 0px;--gutenslider-dot-y-offset: 10px;--gutenslider-dot-y-offset-md: 10px;--gutenslider-dot-y-offset-sm: 10px;--gutenslider-margin-x: 0px;--gutenslider-margin-x-md: 0px;--gutenslider-margin-x-sm: 0px;--gutenslider-margin-y: 0px;--gutenslider-margin-y-md: 0px;--gutenslider-margin-y-sm: 0px;--gutenslider-divider-top: 60px;--gutenslider-divider-bottom: 60px;--gutenslider-lightgallery-bg: #ffffff;--gutenslider-lightgallery-font: #000000;\" data-parallax-direction=\"down\" data-parallax-amount=\"1.3\" data-lg-transition=\"lg-slide\" data-hash=\"\"><div class=\"eedee-swiper-outer\"><div class=\"gutenslider-divider-top\" style=\"color:#fff; height:60px;\"><\/div><div class=\"swiper\" data-settings='{\"autoplay\":{\"delay\":3000,\"pauseOnMouseEnter\":true,\"disableOnInteraction\":false},\"speed\":700,\"direction\":\"horizontal\",\"autoHeight\":\"\",\"loop\":true,\"centeredSlides\":true,\"spaceBetween\":0,\"slidesPerView\":1,\"slidesPerGroup\":1,\"effect\":\"slide\",\"coverflowEffect\":{\"rotate\":30,\"slideShadows\":false,\"depth\":100,\"stretch\":50,\"modifier\":1},\"fadeEffect\":{\"crossFade\":true},\"zoom\":\"\",\"navigation\":{\"nextEl\":\"#gutenslider-0018hdtu2 .eedee-gutenslider-next\",\"prevEl\":\"#gutenslider-0018hdtu2 .eedee-gutenslider-prev\"},\"pagination\":{\"type\":\"bullets\",\"clickable\":true,\"dynamicBullets\":false,\"el\":\"#gutenslider-0018hdtu2 .eedee-gutenslider-pagination\"},\"pauseOnHover\":\"1\",\"watchSlidesProgress\":true,\"watchSlidesVisibility\":true,\"settingsMd\":{\"autoHeight\":\"\",\"slidesPerView\":1,\"slidesPerGroup\":1,\"spaceBetween\":0},\"settingsLg\":{\"autoHeight\":\"\",\"slidesPerView\":1,\"slidesPerGroup\":1,\"spaceBetween\":0},\"hasLg\":false,\"hasLgCounter\":true,\"isFullScreen\":false,\"arrowsFollowMouse\":false,\"lgTitle\":\"none\",\"lgCaption\":\"none\",\"lgThumbnails\":true,\"keyboard\":{\"keyboard\":{\"enabled\":true,\"onlyInViewport\":true}},\"hashNavigation\":false}'><div class=\"swiper-wrapper\">\n<div class=\"swiper-slide wp-block-eedee-block-gutenslide is-position-center-center ed-bg-image\" style=\"--ed-vw:300;--ed-vh:169;\" data-hash=\"\"><div class=\"eedee-background-div bg-image\"><img loading=\"lazy\" decoding=\"async\" width=\"1024\" height=\"577\" class=\"swiper-lazy wp-image-8809\" src=\"https:\/\/rad.asvi.at\/wp-content\/uploads\/2025\/07\/IMG-20250705-WA0003-1024x577.jpg\" alt=\"\" style=\"object-fit: cover; object-position: 50% 50%;\"  data-title=\"IMG-20250705-WA0003\" srcset=\"https:\/\/rad.asvi.at\/wp-content\/uploads\/2025\/07\/IMG-20250705-WA0003-1024x577.jpg 1024w, https:\/\/rad.asvi.at\/wp-content\/uploads\/2025\/07\/IMG-20250705-WA0003-300x169.jpg 300w, https:\/\/rad.asvi.at\/wp-content\/uploads\/2025\/07\/IMG-20250705-WA0003-768x432.jpg 768w, https:\/\/rad.asvi.at\/wp-content\/uploads\/2025\/07\/IMG-20250705-WA0003-1600x901.jpg 1600w, https:\/\/rad.asvi.at\/wp-content\/uploads\/2025\/07\/IMG-20250705-WA0003-1536x865.jpg 1536w, https:\/\/rad.asvi.at\/wp-content\/uploads\/2025\/07\/IMG-20250705-WA0003.jpg 2048w\" sizes=\"auto, (max-width: 1024px) 100vw, 1024px\" \/><div class=\"eedee-background-div__overlay\" style=\"opacity:1;\"><\/div><\/div><div class=\"slide-content\">\n\n<p class=\"has-text-align-center gutenslider-content-initial has-larger-font-size\"><\/p>\n\n<\/div><\/div>\n\n<div class=\"swiper-slide wp-block-eedee-block-gutenslide is-position-center-center ed-bg-image\" style=\"--ed-vw:300;--ed-vh:169;\" data-hash=\"\"><div class=\"eedee-background-div bg-image\"><img loading=\"lazy\" decoding=\"async\" width=\"1024\" height=\"577\" class=\"swiper-lazy wp-image-8810\" src=\"https:\/\/rad.asvi.at\/wp-content\/uploads\/2025\/07\/IMG-20250705-WA0004-1024x577.jpg\" alt=\"\" style=\"object-fit: cover; object-position: 50% 50%;\"  data-title=\"IMG-20250705-WA0004\" srcset=\"https:\/\/rad.asvi.at\/wp-content\/uploads\/2025\/07\/IMG-20250705-WA0004-1024x577.jpg 1024w, https:\/\/rad.asvi.at\/wp-content\/uploads\/2025\/07\/IMG-20250705-WA0004-300x169.jpg 300w, https:\/\/rad.asvi.at\/wp-content\/uploads\/2025\/07\/IMG-20250705-WA0004-768x432.jpg 768w, https:\/\/rad.asvi.at\/wp-content\/uploads\/2025\/07\/IMG-20250705-WA0004-1600x901.jpg 1600w, https:\/\/rad.asvi.at\/wp-content\/uploads\/2025\/07\/IMG-20250705-WA0004-1536x865.jpg 1536w, https:\/\/rad.asvi.at\/wp-content\/uploads\/2025\/07\/IMG-20250705-WA0004.jpg 2048w\" sizes=\"auto, (max-width: 1024px) 100vw, 1024px\" \/><div class=\"eedee-background-div__overlay\" style=\"opacity:1;\"><\/div><\/div><div class=\"slide-content\">\n\n<p class=\"has-text-align-center gutenslider-content-initial has-larger-font-size\"><\/p>\n\n<\/div><\/div>\n\n<div class=\"swiper-slide wp-block-eedee-block-gutenslide is-position-center-center ed-bg-image\" style=\"--ed-vw:300;--ed-vh:169;\" data-hash=\"\"><div class=\"eedee-background-div bg-image\"><img loading=\"lazy\" decoding=\"async\" width=\"1024\" height=\"577\" class=\"swiper-lazy wp-image-8811\" src=\"https:\/\/rad.asvi.at\/wp-content\/uploads\/2025\/07\/IMG-20250705-WA0007-1024x577.jpg\" alt=\"\" style=\"object-fit: cover; object-position: 50% 50%;\"  data-title=\"IMG-20250705-WA0007\" srcset=\"https:\/\/rad.asvi.at\/wp-content\/uploads\/2025\/07\/IMG-20250705-WA0007-1024x577.jpg 1024w, https:\/\/rad.asvi.at\/wp-content\/uploads\/2025\/07\/IMG-20250705-WA0007-300x169.jpg 300w, https:\/\/rad.asvi.at\/wp-content\/uploads\/2025\/07\/IMG-20250705-WA0007-768x432.jpg 768w, https:\/\/rad.asvi.at\/wp-content\/uploads\/2025\/07\/IMG-20250705-WA0007-1600x901.jpg 1600w, https:\/\/rad.asvi.at\/wp-content\/uploads\/2025\/07\/IMG-20250705-WA0007-1536x865.jpg 1536w, https:\/\/rad.asvi.at\/wp-content\/uploads\/2025\/07\/IMG-20250705-WA0007.jpg 2048w\" sizes=\"auto, (max-width: 1024px) 100vw, 1024px\" \/><div class=\"eedee-background-div__overlay\" style=\"opacity:1;\"><\/div><\/div><div class=\"slide-content\">\n\n<p class=\"has-text-align-center gutenslider-content-initial has-larger-font-size\"><\/p>\n\n<\/div><\/div>\n\n<div class=\"swiper-slide wp-block-eedee-block-gutenslide is-position-center-center ed-bg-image\" style=\"--ed-vw:300;--ed-vh:169;\" data-hash=\"\"><div class=\"eedee-background-div bg-image\"><img loading=\"lazy\" decoding=\"async\" width=\"1024\" height=\"577\" class=\"swiper-lazy wp-image-8812\" src=\"https:\/\/rad.asvi.at\/wp-content\/uploads\/2025\/07\/IMG-20250706-WA0006-1024x577.jpg\" alt=\"\" style=\"object-fit: cover; object-position: 50% 50%;\"  data-title=\"IMG-20250706-WA0006\" srcset=\"https:\/\/rad.asvi.at\/wp-content\/uploads\/2025\/07\/IMG-20250706-WA0006-1024x577.jpg 1024w, https:\/\/rad.asvi.at\/wp-content\/uploads\/2025\/07\/IMG-20250706-WA0006-300x169.jpg 300w, https:\/\/rad.asvi.at\/wp-content\/uploads\/2025\/07\/IMG-20250706-WA0006-768x432.jpg 768w, https:\/\/rad.asvi.at\/wp-content\/uploads\/2025\/07\/IMG-20250706-WA0006-1536x865.jpg 1536w, https:\/\/rad.asvi.at\/wp-content\/uploads\/2025\/07\/IMG-20250706-WA0006.jpg 1600w\" sizes=\"auto, (max-width: 1024px) 100vw, 1024px\" \/><div class=\"eedee-background-div__overlay\" style=\"opacity:1;\"><\/div><\/div><div class=\"slide-content\">\n\n<p class=\"has-text-align-center gutenslider-content-initial has-larger-font-size\"><\/p>\n\n<\/div><\/div>\n\n<div class=\"swiper-slide wp-block-eedee-block-gutenslide is-position-center-center ed-bg-image\" style=\"--ed-vw:300;--ed-vh:169;\" data-hash=\"\"><div class=\"eedee-background-div bg-image\"><img loading=\"lazy\" decoding=\"async\" width=\"1024\" height=\"577\" class=\"swiper-lazy wp-image-8813\" src=\"https:\/\/rad.asvi.at\/wp-content\/uploads\/2025\/07\/IMG-20250706-WA0010-1024x577.jpg\" alt=\"\" style=\"object-fit: cover; object-position: 50% 50%;\"  data-title=\"IMG-20250706-WA0010\" srcset=\"https:\/\/rad.asvi.at\/wp-content\/uploads\/2025\/07\/IMG-20250706-WA0010-1024x577.jpg 1024w, https:\/\/rad.asvi.at\/wp-content\/uploads\/2025\/07\/IMG-20250706-WA0010-300x169.jpg 300w, https:\/\/rad.asvi.at\/wp-content\/uploads\/2025\/07\/IMG-20250706-WA0010-768x432.jpg 768w, https:\/\/rad.asvi.at\/wp-content\/uploads\/2025\/07\/IMG-20250706-WA0010-1536x865.jpg 1536w, https:\/\/rad.asvi.at\/wp-content\/uploads\/2025\/07\/IMG-20250706-WA0010.jpg 1600w\" sizes=\"auto, (max-width: 1024px) 100vw, 1024px\" \/><div class=\"eedee-background-div__overlay\" style=\"opacity:1;\"><\/div><\/div><div class=\"slide-content\">\n\n<p class=\"has-text-align-center gutenslider-content-initial has-larger-font-size\"><\/p>\n\n<\/div><\/div>\n<\/div><\/div><button class=\"eedee-gutenslider-nav eedee-gutenslider-prev\"><svg xmlns=\"http:\/\/www.w3.org\/2000\/svg\" viewBox=\"0 0 24 24\" width=\"24\" height=\"24\"><circle class=\"bg\" cx=\"13\" cy=\"12\" r=\"11\" \/><path fill=\"none\" d=\"M0 0h24v24H0z\"\/><path class=\"arrow\" d=\"M10.828 12l4.95 4.95-1.414 1.414L8 12l6.364-6.364 1.414 1.414z\"\/><\/svg><\/button><button class=\"eedee-gutenslider-nav eedee-gutenslider-next\"><svg xmlns=\"http:\/\/www.w3.org\/2000\/svg\" viewBox=\"0 0 24 24\" width=\"24\" height=\"24\"><circle class=\"bg\" cx=\"11\" cy=\"12\" r=\"11\" \/><path fill=\"none\" d=\"M0 0h24v24H0z\"\/><path class=\"arrow\" d=\"M13.172 12l-4.95-4.95 1.414-1.414L16 12l-6.364 6.364-1.414-1.414z\"\/><\/svg><\/button><div class=\"eedee-gutenslider-pagination\"><\/div><\/div><div class=\"gutenslider-divider-bottom \" style=\"color:#fff; height:60px;\"><\/div><\/div>","protected":false},"excerpt":{"rendered":"<p>\u00d6M Kriterium \u2013 5. Juli 2025, Horitschon (Burgenland) Die Juniorinnen gingen gemeinsam mit den U17-Jungs auf die technisch anspruchsvolle Kriteriumsstrecke mit einer ansteigenden Zielgeraden. 27 Runden \u00e0 1,1 km standen am Plan, mit Wertungen alle drei Runden \u2013 f\u00fcr die M\u00e4dchen jedoch chancenlos, da die Jungs von Beginn an ein hohes Tempo vorgaben. Ramona startete&hellip;&nbsp;<a href=\"https:\/\/rad.asvi.at\/?p=8808\" class=\"\" rel=\"bookmark\">Weiterlesen &raquo;<span class=\"screen-reader-text\">\u00d6M-Kriterium und Bundesligarennen<\/span><\/a><\/p>\n","protected":false},"author":2,"featured_media":0,"comment_status":"closed","ping_status":"closed","sticky":false,"template":"","format":"standard","meta":{"neve_meta_sidebar":"","neve_meta_container":"","neve_meta_enable_content_width":"","neve_meta_content_width":0,"neve_meta_title_alignment":"","neve_meta_author_avatar":"","neve_post_elements_order":"","neve_meta_disable_header":"","neve_meta_disable_footer":"","neve_meta_disable_title":"","footnotes":""},"categories":[9,11],"tags":[],"class_list":["post-8808","post","type-post","status-publish","format-standard","hentry","category-allgemein","category-rennsport"],"featured_image_urls":{"full":"","thumbnail":"","medium":"","medium_large":"","large":"","xl":"","xxl":"","xxxl":"","xxxxl":"","xxxxxl":"","1536x1536":"","2048x2048":"","neve-blog":""},"post_excerpt_stackable":"<p>\u00d6M Kriterium \u2013 5. Juli 2025, Horitschon (Burgenland) Die Juniorinnen gingen gemeinsam mit den U17-Jungs auf die technisch anspruchsvolle Kriteriumsstrecke mit einer ansteigenden Zielgeraden. 27 Runden \u00e0 1,1 km standen am Plan, mit Wertungen alle drei Runden \u2013 f\u00fcr die M\u00e4dchen jedoch chancenlos, da die Jungs von Beginn an ein hohes Tempo vorgaben. Ramona startete gut, musste aber fr\u00fch abrei\u00dfen lassen und verlor den Anschluss an die drei f\u00fchrenden Juniorinnen. Der R\u00fcckstand wuchs schnell auf eine Minute und blieb konstant, doch ohne starke Unterst\u00fctzung in ihrer Gruppe war das Loch nicht zu schlie\u00dfen. Sie beendete das Rennen auf Rang vier.&hellip;<\/p>\n","category_list":"<a href=\"https:\/\/rad.asvi.at\/?cat=9\" rel=\"category\">Allgemein<\/a>, <a href=\"https:\/\/rad.asvi.at\/?cat=11\" rel=\"category\">Rennsport<\/a>","author_info":{"name":"Roman","url":"https:\/\/rad.asvi.at\/?author=2"},"comments_num":"0 comments","_links":{"self":[{"href":"https:\/\/rad.asvi.at\/index.php?rest_route=\/wp\/v2\/posts\/8808","targetHints":{"allow":["GET"]}}],"collection":[{"href":"https:\/\/rad.asvi.at\/index.php?rest_route=\/wp\/v2\/posts"}],"about":[{"href":"https:\/\/rad.asvi.at\/index.php?rest_route=\/wp\/v2\/types\/post"}],"author":[{"embeddable":true,"href":"https:\/\/rad.asvi.at\/index.php?rest_route=\/wp\/v2\/users\/2"}],"replies":[{"embeddable":true,"href":"https:\/\/rad.asvi.at\/index.php?rest_route=%2Fwp%2Fv2%2Fcomments&post=8808"}],"version-history":[{"count":1,"href":"https:\/\/rad.asvi.at\/index.php?rest_route=\/wp\/v2\/posts\/8808\/revisions"}],"predecessor-version":[{"id":8814,"href":"https:\/\/rad.asvi.at\/index.php?rest_route=\/wp\/v2\/posts\/8808\/revisions\/8814"}],"wp:attachment":[{"href":"https:\/\/rad.asvi.at\/index.php?rest_route=%2Fwp%2Fv2%2Fmedia&parent=8808"}],"wp:term":[{"taxonomy":"category","embeddable":true,"href":"https:\/\/rad.asvi.at\/index.php?rest_route=%2Fwp%2Fv2%2Fcategories&post=8808"},{"taxonomy":"post_tag","embeddable":true,"href":"https:\/\/rad.asvi.at\/index.php?rest_route=%2Fwp%2Fv2%2Ftags&post=8808"}],"curies":[{"name":"wp","href":"https:\/\/api.w.org\/{rel}","templated":true}]}}